{"id":66103,"date":"2019-06-13T22:38:11","date_gmt":"2019-06-14T01:38:11","guid":{"rendered":"http:\/\/pdt-rj.org.br\/?p=66103"},"modified":"2019-06-20T19:56:12","modified_gmt":"2019-06-20T22:56:12","slug":"pdt-entra-com-adi-para-barrar-mp-da-liberdade-economica","status":"publish","type":"post","link":"https:\/\/pdt-rj.org.br\/index.php\/pdt-entra-com-adi-para-barrar-mp-da-liberdade-economica\/","title":{"rendered":"PDT entra com ADI para barrar MP da Liberdade Econ\u00f4mica"},"content":{"rendered":"<p>O PDT ingressou no Supremo Tribunal Federal (STF), na tarde desta quinta-feira (13), com uma A\u00e7\u00e3o Direta de Inconstitucionalidade (ADI) contra Medida Provis\u00f3ria n\u00ba 881\/2019 do Governo Federal que institui a Declara\u00e7\u00e3o de Direitos de Liberdade Econ\u00f4mica. Dentre outros pontos, a medida estabelece garantias de livre mercado, an\u00e1lise de impacto regulat\u00f3rios.<\/p>\n<p>Na ADI, o PDT pede medida cautelar com suspens\u00e3o imediata de artigos espec\u00edficos da MP 881\/2019, que, al\u00e9m de inconstitucionais, podem trazem preju\u00edzos iminentes para a Na\u00e7\u00e3o, &#8220;quanto \u00e0 irreparabilidade dos danos emergentes dos atos impugnados&#8221;. <\/p>\n<p>De acordo a A\u00e7\u00e3o, a medida enfraquece &#8220;a supremacia e a for\u00e7a normativa da Constitui\u00e7\u00e3o, fere de morte os  interesses do Brasil&#8221;.<\/p>\n<p>Leia<a href=\"http:\/\/pdt-rj.org.br\/wp-content\/uploads\/2019\/06\/ADI-do-PDT-contra-MP-da-Liberdade-Econ\u00f4mica.pdf\">aqui<\/a> a \u00edntegra da ADI do PDT contra a MP 881\/2019.<\/p>\n<!-- AddThis Advanced Settings generic via filter on the_content --><!-- AddThis Share Buttons generic via filter on the_content -->","protected":false},"excerpt":{"rendered":"<p>O PDT ingressou no Supremo Tribunal Federal (STF), na tarde desta quinta-feira (13), com uma A\u00e7\u00e3o Direta de Inconstitucionalidade (ADI) contra Medida Provis\u00f3ria n\u00ba 881\/2019 do Governo Federal que institui a Declara\u00e7\u00e3o de Direitos de Liberdade Econ\u00f4mica. Dentre outros pontos, a medida estabelece garantias de livre mercado, an\u00e1lise de impacto regulat\u00f3rios. Na ADI, o PDT&#8230;<!-- AddThis Advanced Settings generic via filter on wp_trim_excerpt --><!-- AddThis Share Buttons generic via filter on wp_trim_excerpt --><\/p>\n","protected":false},"author":17,"featured_media":66111,"comment_status":"closed","ping_status":"closed","sticky":false,"template":"","format":"standard","meta":{"_monsterinsights_skip_tracking":false,"_monsterinsights_sitenote_active":false,"_monsterinsights_sitenote_note":"","_monsterinsights_sitenote_category":0,"_uf_show_specific_survey":0,"_uf_disable_surveys":false,"footnotes":""},"categories":[1390,1401],"tags":[],"class_list":["post-66103","post","type-post","status-publish","format-standard","has-post-thumbnail","hentry","category-editorias","category-nacional"],"acf":[],"_links":{"self":[{"href":"https:\/\/pdt-rj.org.br\/index.php\/wp-json\/wp\/v2\/posts\/66103","targetHints":{"allow":["GET"]}}],"collection":[{"href":"https:\/\/pdt-rj.org.br\/index.php\/wp-json\/wp\/v2\/posts"}],"about":[{"href":"https:\/\/pdt-rj.org.br\/index.php\/wp-json\/wp\/v2\/types\/post"}],"author":[{"embeddable":true,"href":"https:\/\/pdt-rj.org.br\/index.php\/wp-json\/wp\/v2\/users\/17"}],"replies":[{"embeddable":true,"href":"https:\/\/pdt-rj.org.br\/index.php\/wp-json\/wp\/v2\/comments?post=66103"}],"version-history":[{"count":11,"href":"https:\/\/pdt-rj.org.br\/index.php\/wp-json\/wp\/v2\/posts\/66103\/revisions"}],"predecessor-version":[{"id":66319,"href":"https:\/\/pdt-rj.org.br\/index.php\/wp-json\/wp\/v2\/posts\/66103\/revisions\/66319"}],"wp:featuredmedia":[{"embeddable":true,"href":"https:\/\/pdt-rj.org.br\/index.php\/wp-json\/wp\/v2\/media\/66111"}],"wp:attachment":[{"href":"https:\/\/pdt-rj.org.br\/index.php\/wp-json\/wp\/v2\/media?parent=66103"}],"wp:term":[{"taxonomy":"category","embeddable":true,"href":"https:\/\/pdt-rj.org.br\/index.php\/wp-json\/wp\/v2\/categories?post=66103"},{"taxonomy":"post_tag","embeddable":true,"href":"https:\/\/pdt-rj.org.br\/index.php\/wp-json\/wp\/v2\/tags?post=66103"}],"curies":[{"name":"wp","href":"https:\/\/api.w.org\/{rel}","templated":true}]}}