{"id":66084,"date":"2019-06-13T17:43:20","date_gmt":"2019-06-13T20:43:20","guid":{"rendered":"http:\/\/pdt-rj.org.br\/?p=66084"},"modified":"2019-06-13T17:43:21","modified_gmt":"2019-06-13T20:43:21","slug":"katia-abreu-representara-o-brasil-na-35-parlatino-no-panama","status":"publish","type":"post","link":"https:\/\/pdt-rj.org.br\/index.php\/katia-abreu-representara-o-brasil-na-35-parlatino-no-panama\/","title":{"rendered":"K\u00e1tia Abreu representar\u00e1 o Brasil na 35\u00b0 Parlatino no Panam\u00e1"},"content":{"rendered":"<p> A senadora K\u00e1tia Abreu (PDT-TO) participar\u00e1 nos dias 14 e 15 de junho, da 35\u00aa Assembleia Ordin\u00e1ria do Parlamento Latino Americano e Caribenho (Parlatino), na cidade do Panam\u00e1 (Panam\u00e1).<\/p>\n<p>Os temas priorit\u00e1rios do Parlatino 2019 ser\u00e3o: educa\u00e7\u00e3o das comunidades tradicionais, acompanhamento das metas dos 17 Objetivos do Desenvolvimento Sustent\u00e1vel (ODS) e Mudan\u00e7as Clim\u00e1ticas na Am\u00e9rica do Sul e Caribe.<\/p>\n<p>K\u00e1tia Abreu ir\u00e1 representar o Brasil e o Senado Federal e abordar\u00e1 a situa\u00e7\u00e3o atual do Brasil nos temas discutidos, dando destaque especial para o contexto do Tocantins e da regi\u00e3o Norte. As reformas estruturantes, como a da previd\u00eancia e a tribut\u00e1ria, tamb\u00e9m devem ser tema de debate.<\/p>\n<p><strong>Parlatino<\/strong><br \/>O Parlatino foi constitu\u00eddo h\u00e1 55 anos na cidade de Lima (Peru) e \u00e9 integrada pelos parlamentos nacionais de 23 pa\u00edses da Am\u00e9rica Latina. S\u00e3o eles Antilhas Holandesas, Argentina, Aruba, Bol\u00edvia, Brasil, Chile, Col\u00f4mbia, Costa Rica, Cuba, Equador, El Salvador, Guatemala, Honduras, Haiti (Convidado), M\u00e9xico, Nicar\u00e1gua, Panam\u00e1, Paraguai, Peru, Rep\u00fablica Dominicana, Suriname, Uruguai e Venezuela.<\/p>\n<!-- AddThis Advanced Settings generic via filter on the_content --><!-- AddThis Share Buttons generic via filter on the_content -->","protected":false},"excerpt":{"rendered":"<p>A senadora K\u00e1tia Abreu (PDT-TO) participar\u00e1 nos dias 14 e 15 de junho, da 35\u00aa Assembleia Ordin\u00e1ria do Parlamento Latino Americano e Caribenho (Parlatino), na cidade do Panam\u00e1 (Panam\u00e1). Os temas priorit\u00e1rios do Parlatino 2019 ser\u00e3o: educa\u00e7\u00e3o das comunidades tradicionais, acompanhamento das metas dos 17 Objetivos do Desenvolvimento Sustent\u00e1vel (ODS) e Mudan\u00e7as Clim\u00e1ticas na Am\u00e9rica&#8230;<!-- AddThis Advanced Settings generic via filter on wp_trim_excerpt --><!-- AddThis Share Buttons generic via filter on wp_trim_excerpt --><\/p>\n","protected":false},"author":17,"featured_media":66089,"comment_status":"closed","ping_status":"closed","sticky":false,"template":"","format":"standard","meta":{"_monsterinsights_skip_tracking":false,"_monsterinsights_sitenote_active":false,"_monsterinsights_sitenote_note":"","_monsterinsights_sitenote_category":0,"_uf_show_specific_survey":0,"_uf_disable_surveys":false,"footnotes":""},"categories":[1390,1459],"tags":[],"class_list":["post-66084","post","type-post","status-publish","format-standard","has-post-thumbnail","hentry","category-editorias","category-congresso"],"acf":[],"_links":{"self":[{"href":"https:\/\/pdt-rj.org.br\/index.php\/wp-json\/wp\/v2\/posts\/66084","targetHints":{"allow":["GET"]}}],"collection":[{"href":"https:\/\/pdt-rj.org.br\/index.php\/wp-json\/wp\/v2\/posts"}],"about":[{"href":"https:\/\/pdt-rj.org.br\/index.php\/wp-json\/wp\/v2\/types\/post"}],"author":[{"embeddable":true,"href":"https:\/\/pdt-rj.org.br\/index.php\/wp-json\/wp\/v2\/users\/17"}],"replies":[{"embeddable":true,"href":"https:\/\/pdt-rj.org.br\/index.php\/wp-json\/wp\/v2\/comments?post=66084"}],"version-history":[{"count":2,"href":"https:\/\/pdt-rj.org.br\/index.php\/wp-json\/wp\/v2\/posts\/66084\/revisions"}],"predecessor-version":[{"id":66091,"href":"https:\/\/pdt-rj.org.br\/index.php\/wp-json\/wp\/v2\/posts\/66084\/revisions\/66091"}],"wp:featuredmedia":[{"embeddable":true,"href":"https:\/\/pdt-rj.org.br\/index.php\/wp-json\/wp\/v2\/media\/66089"}],"wp:attachment":[{"href":"https:\/\/pdt-rj.org.br\/index.php\/wp-json\/wp\/v2\/media?parent=66084"}],"wp:term":[{"taxonomy":"category","embeddable":true,"href":"https:\/\/pdt-rj.org.br\/index.php\/wp-json\/wp\/v2\/categories?post=66084"},{"taxonomy":"post_tag","embeddable":true,"href":"https:\/\/pdt-rj.org.br\/index.php\/wp-json\/wp\/v2\/tags?post=66084"}],"curies":[{"name":"wp","href":"https:\/\/api.w.org\/{rel}","templated":true}]}}