{"id":66073,"date":"2019-06-13T13:23:58","date_gmt":"2019-06-13T16:23:58","guid":{"rendered":"http:\/\/pdt-rj.org.br\/?p=66073"},"modified":"2019-06-15T14:07:27","modified_gmt":"2019-06-15T17:07:27","slug":"cid-gomes-defende-que-flexibilizacao-da-posse-de-armas-nao-pode-ser-definida-por-decreto","status":"publish","type":"post","link":"https:\/\/pdt-rj.org.br\/index.php\/cid-gomes-defende-que-flexibilizacao-da-posse-de-armas-nao-pode-ser-definida-por-decreto\/","title":{"rendered":"Cid Gomes defende que flexibiliza\u00e7\u00e3o da posse de armas n\u00e3o pode ser definida por decreto"},"content":{"rendered":"<p>O senador Cid Gomes defendeu nesta quarta-feira (12), durante a reuni\u00e3o da Comiss\u00e3o de Constitui\u00e7\u00e3o e Justi\u00e7a (CCJ) do Senado Federal, que a flexibiliza\u00e7\u00e3o da compra e da posse de armas n\u00e3o pode ser resolvida por meio de decreto. A CCJ decidiu, por 15 votos a 9, pela susta\u00e7\u00e3o do decreto do presidente da Rep\u00fablica que liberou a compra e a posse de armas para diversas categorias. A discuss\u00e3o ser\u00e1 levada ao plen\u00e1rio do Senado.<\/p>\n<p>\u201cSe o Presidente da Rep\u00fablica assumiu compromissos em campanha que envie para esta Casa um projeto de lei, que ser\u00e1 analisado, a\u00ed sim ser\u00e1 oportunidade de se discutir o apaixonante tema de viol\u00eancia, vis-\u00e0-vis armamento e desarmamento\u201d, defendeu, completando que \u201c\u00e9 claro como a luz do dia\u201d que o Presidente extrapolou a compet\u00eancia do Congresso Nacional quando assinou decreto liberando compra e posse de armas.<\/p>\n<p>Cid Gomes acrescentou que as assessorias t\u00e9cnicas do Senado Federal e da C\u00e2mara dos Deputados, al\u00e9m do Minist\u00e9rio P\u00fablico Federal, j\u00e1 emitiram pareceres atestando essa ilegalidade. \u201cDefendo, portanto, que esta Casa se afirme naquilo que s\u00e3o suas atribui\u00e7\u00f5es\u201d, disse.<\/p>\n<p>Al\u00e9m disso, o Senador destacou que n\u00e3o \u00e9 razo\u00e1vel amesquinhar a discuss\u00e3o afirmando que esse posicionamento da Comiss\u00e3o \u00e9 um gesto de oposi\u00e7\u00e3o ao Executivo. <\/p>\n<p>\u201cFui testemunha ontem de uma vota\u00e7\u00e3o no Congresso Nacional que talvez seja \u00fanica na hist\u00f3ria, onde 450 deputados federais e 61 senadores votaram a favor, por unanimidade, e aprovaram um projeto cabeludo do Executivo, portanto n\u00e3o se trata disso, se trata de a gente colocar os poderes cada um no seu quadrado\u201d, finalizou.<\/p>\n<!-- AddThis Advanced Settings generic via filter on the_content --><!-- AddThis Share Buttons generic via filter on the_content -->","protected":false},"excerpt":{"rendered":"<p>O senador Cid Gomes defendeu nesta quarta-feira (12), durante a reuni\u00e3o da Comiss\u00e3o de Constitui\u00e7\u00e3o e Justi\u00e7a (CCJ) do Senado Federal, que a flexibiliza\u00e7\u00e3o da compra e da posse de armas n\u00e3o pode ser resolvida por meio de decreto. A CCJ decidiu, por 15 votos a 9, pela susta\u00e7\u00e3o do decreto do presidente da Rep\u00fablica&#8230;<!-- AddThis Advanced Settings generic via filter on wp_trim_excerpt --><!-- AddThis Share Buttons generic via filter on wp_trim_excerpt --><\/p>\n","protected":false},"author":17,"featured_media":66074,"comment_status":"closed","ping_status":"closed","sticky":false,"template":"","format":"standard","meta":{"_monsterinsights_skip_tracking":false,"_monsterinsights_sitenote_active":false,"_monsterinsights_sitenote_note":"","_monsterinsights_sitenote_category":0,"_uf_show_specific_survey":0,"_uf_disable_surveys":false,"footnotes":""},"categories":[976],"tags":[],"class_list":["post-66073","post","type-post","status-publish","format-standard","has-post-thumbnail","hentry","category-noticias-em-destaque"],"acf":[],"_links":{"self":[{"href":"https:\/\/pdt-rj.org.br\/index.php\/wp-json\/wp\/v2\/posts\/66073","targetHints":{"allow":["GET"]}}],"collection":[{"href":"https:\/\/pdt-rj.org.br\/index.php\/wp-json\/wp\/v2\/posts"}],"about":[{"href":"https:\/\/pdt-rj.org.br\/index.php\/wp-json\/wp\/v2\/types\/post"}],"author":[{"embeddable":true,"href":"https:\/\/pdt-rj.org.br\/index.php\/wp-json\/wp\/v2\/users\/17"}],"replies":[{"embeddable":true,"href":"https:\/\/pdt-rj.org.br\/index.php\/wp-json\/wp\/v2\/comments?post=66073"}],"version-history":[{"count":5,"href":"https:\/\/pdt-rj.org.br\/index.php\/wp-json\/wp\/v2\/posts\/66073\/revisions"}],"predecessor-version":[{"id":66173,"href":"https:\/\/pdt-rj.org.br\/index.php\/wp-json\/wp\/v2\/posts\/66073\/revisions\/66173"}],"wp:featuredmedia":[{"embeddable":true,"href":"https:\/\/pdt-rj.org.br\/index.php\/wp-json\/wp\/v2\/media\/66074"}],"wp:attachment":[{"href":"https:\/\/pdt-rj.org.br\/index.php\/wp-json\/wp\/v2\/media?parent=66073"}],"wp:term":[{"taxonomy":"category","embeddable":true,"href":"https:\/\/pdt-rj.org.br\/index.php\/wp-json\/wp\/v2\/categories?post=66073"},{"taxonomy":"post_tag","embeddable":true,"href":"https:\/\/pdt-rj.org.br\/index.php\/wp-json\/wp\/v2\/tags?post=66073"}],"curies":[{"name":"wp","href":"https:\/\/api.w.org\/{rel}","templated":true}]}}