{"id":66028,"date":"2019-06-12T14:24:33","date_gmt":"2019-06-12T17:24:33","guid":{"rendered":"http:\/\/pdt-rj.org.br\/?p=66028"},"modified":"2019-06-12T14:24:33","modified_gmt":"2019-06-12T17:24:33","slug":"cid-gomes-diz-que-necessidade-de-credito-suplementar-demonstra-que-governo-esta-quebrado","status":"publish","type":"post","link":"https:\/\/pdt-rj.org.br\/index.php\/cid-gomes-diz-que-necessidade-de-credito-suplementar-demonstra-que-governo-esta-quebrado\/","title":{"rendered":"Cid Gomes diz que necessidade de cr\u00e9dito suplementar demonstra que Governo est\u00e1 quebrado"},"content":{"rendered":"<p>O senador Cid Gomes encaminhou o voto da bancada de oposi\u00e7\u00e3o, durante sess\u00e3o do Congresso Nacional dessa ter\u00e7a-feira (11), que aprovou cr\u00e9dito suplementar para o Governo Federal no valor de R$ 248,9 bilh\u00f5es. Apesar de ter encaminhado o voto favor\u00e1vel ao projeto, ap\u00f3s acordo que garantiu mais verbas para \u00e1reas como educa\u00e7\u00e3o e transposi\u00e7\u00e3o do S\u00e3o Francisco, Cid ressaltou que a necessidade de cr\u00e9dito suplementar comprova que \u201co Governo est\u00e1 quebrado\u201d.<\/p>\n<p>Cid lembrou que ainda estamos em junho, portanto nem se chegou ainda \u00e0 metade do ano e o Governo j\u00e1 envia um pedido de cr\u00e9dito extra num valor equivalente a 10% de toda a previs\u00e3o anual de gastos da Uni\u00e3o. \u201cSe a gente for ver, esse financiamento representa 10% de todos os recursos necess\u00e1rios para o funcionamento do Governo Federal, sem levar em conta o que \u00e9 pago no servi\u00e7o da d\u00edvida. Imagine esses n\u00fameros traduzidos para uma fam\u00edlia, se ela precisa, na metade do ano, de 10% de todo o seu or\u00e7amento de financiamento, a conclus\u00e3o \u00f3bvia \u00e9 que essa fam\u00edlia est\u00e1 quebrada, e essa \u00e9 a mesma situa\u00e7\u00e3o do Governo\u201d, comparou.<\/p>\n<p>Na avalia\u00e7\u00e3o do senador, a oposi\u00e7\u00e3o n\u00e3o tem o que comemorar, apesar de ter conseguido incluir na proposta R$ 1 bilh\u00e3o para ensino superior, R$ 500 milh\u00f5es para o projeto de Transposi\u00e7\u00e3o do Rio S\u00e3o Francisco, R$ 330 milh\u00f5es para bolsas de pesquisas cient\u00edficas e mais R$ 1 bilh\u00e3o para obras do programa Minha Casa, Minha Vida.<\/p>\n<p>\u201cN\u00e3o \u00e9 algo que a gente tenha que comemorar, \u00e9 algo que certamente vai exigir da oposi\u00e7\u00e3o uma articula\u00e7\u00e3o maior para que os acordos sejam feitos, e \u00e9 ben\u00e9fico que sejam feitos acordos, mas de volta tenha algo mais relevante para o Brasil e para os brasileiros\u201d, defendeu.<\/p>\n<!-- AddThis Advanced Settings generic via filter on the_content --><!-- AddThis Share Buttons generic via filter on the_content -->","protected":false},"excerpt":{"rendered":"<p>O senador Cid Gomes encaminhou o voto da bancada de oposi\u00e7\u00e3o, durante sess\u00e3o do Congresso Nacional dessa ter\u00e7a-feira (11), que aprovou cr\u00e9dito suplementar para o Governo Federal no valor de R$ 248,9 bilh\u00f5es. Apesar de ter encaminhado o voto favor\u00e1vel ao projeto, ap\u00f3s acordo que garantiu mais verbas para \u00e1reas como educa\u00e7\u00e3o e transposi\u00e7\u00e3o do&#8230;<!-- AddThis Advanced Settings generic via filter on wp_trim_excerpt --><!-- AddThis Share Buttons generic via filter on wp_trim_excerpt --><\/p>\n","protected":false},"author":17,"featured_media":66029,"comment_status":"closed","ping_status":"closed","sticky":false,"template":"","format":"standard","meta":{"_monsterinsights_skip_tracking":false,"_monsterinsights_sitenote_active":false,"_monsterinsights_sitenote_note":"","_monsterinsights_sitenote_category":0,"_uf_show_specific_survey":0,"_uf_disable_surveys":false,"footnotes":""},"categories":[976],"tags":[],"class_list":["post-66028","post","type-post","status-publish","format-standard","has-post-thumbnail","hentry","category-noticias-em-destaque"],"acf":[],"_links":{"self":[{"href":"https:\/\/pdt-rj.org.br\/index.php\/wp-json\/wp\/v2\/posts\/66028","targetHints":{"allow":["GET"]}}],"collection":[{"href":"https:\/\/pdt-rj.org.br\/index.php\/wp-json\/wp\/v2\/posts"}],"about":[{"href":"https:\/\/pdt-rj.org.br\/index.php\/wp-json\/wp\/v2\/types\/post"}],"author":[{"embeddable":true,"href":"https:\/\/pdt-rj.org.br\/index.php\/wp-json\/wp\/v2\/users\/17"}],"replies":[{"embeddable":true,"href":"https:\/\/pdt-rj.org.br\/index.php\/wp-json\/wp\/v2\/comments?post=66028"}],"version-history":[{"count":2,"href":"https:\/\/pdt-rj.org.br\/index.php\/wp-json\/wp\/v2\/posts\/66028\/revisions"}],"predecessor-version":[{"id":66031,"href":"https:\/\/pdt-rj.org.br\/index.php\/wp-json\/wp\/v2\/posts\/66028\/revisions\/66031"}],"wp:featuredmedia":[{"embeddable":true,"href":"https:\/\/pdt-rj.org.br\/index.php\/wp-json\/wp\/v2\/media\/66029"}],"wp:attachment":[{"href":"https:\/\/pdt-rj.org.br\/index.php\/wp-json\/wp\/v2\/media?parent=66028"}],"wp:term":[{"taxonomy":"category","embeddable":true,"href":"https:\/\/pdt-rj.org.br\/index.php\/wp-json\/wp\/v2\/categories?post=66028"},{"taxonomy":"post_tag","embeddable":true,"href":"https:\/\/pdt-rj.org.br\/index.php\/wp-json\/wp\/v2\/tags?post=66028"}],"curies":[{"name":"wp","href":"https:\/\/api.w.org\/{rel}","templated":true}]}}