{"id":66024,"date":"2019-06-12T14:01:06","date_gmt":"2019-06-12T17:01:06","guid":{"rendered":"http:\/\/pdt-rj.org.br\/?p=66024"},"modified":"2019-06-15T13:34:53","modified_gmt":"2019-06-15T16:34:53","slug":"forum-de-governadores-ligia-feliciano-defende-mudancas-na-proposta-da-reforma-da-previdencia","status":"publish","type":"post","link":"https:\/\/pdt-rj.org.br\/index.php\/forum-de-governadores-ligia-feliciano-defende-mudancas-na-proposta-da-reforma-da-previdencia\/","title":{"rendered":"F\u00f3rum de Governadores: L\u00edgia Feliciano defende mudan\u00e7as na proposta da reforma da Previd\u00eancia"},"content":{"rendered":"<p>A vice-governadora da Para\u00edba, L\u00edgia Feliciano, participou, nesta ter\u00e7a-feira (11), em Bras\u00edlia, do V F\u00f3rum de Governadores. No encontro, os gestores debateram temas de interesse dos estados, entre eles, a proposta de reforma da Previd\u00eancia. L\u00edgia representou o governador Jo\u00e3o Azev\u00eado, que viajou a S\u00e3o Paulo para apresentar o projeto do Polo Tur\u00edstico Cabo Branco a empres\u00e1rios da \u00e1rea de turismo interessados em investir no complexo.  <\/p>\n<p>L\u00edgia Feliciano e os governadores do Nordeste reiteraram o posicionamento divergente sobre pontos da Proposta de Emenda \u00e0 Constitui\u00e7\u00e3o (PEC 06\/2019) da reforma da Previd\u00eancia, a exemplo do Benef\u00edcio da Presta\u00e7\u00e3o Continuada (BPC), a desconstitucionaliza\u00e7\u00e3o, paridade do trabalhador rural com o urbano e a cria\u00e7\u00e3o de um sistema de capitaliza\u00e7\u00e3o.  <\/p>\n<p>\u201cAo lado dos governadores do Nordeste, n\u00e3o vamos aceitar a proposta do jeito que est\u00e1. Queremos a manuten\u00e7\u00e3o do Benef\u00edcio de Presta\u00e7\u00e3o Continuada, a aposentadoria rural e a n\u00e3o retirada da previd\u00eancia da Constitui\u00e7\u00e3o Federal. Todos os pontos que prejudiquem os brasileiros n\u00e3o ter\u00e3o o nosso apoio. O presidente da C\u00e2mara, Rodrigo Maia, garantiu que vai analisar e discutir as propostas com os l\u00edderes\u201d, adiantou .<\/p>\n<!-- AddThis Advanced Settings generic via filter on the_content --><!-- AddThis Share Buttons generic via filter on the_content -->","protected":false},"excerpt":{"rendered":"<p>A vice-governadora da Para\u00edba, L\u00edgia Feliciano, participou, nesta ter\u00e7a-feira (11), em Bras\u00edlia, do V F\u00f3rum de Governadores. No encontro, os gestores debateram temas de interesse dos estados, entre eles, a proposta de reforma da Previd\u00eancia. L\u00edgia representou o governador Jo\u00e3o Azev\u00eado, que viajou a S\u00e3o Paulo para apresentar o projeto do Polo Tur\u00edstico Cabo Branco&#8230;<!-- AddThis Advanced Settings generic via filter on wp_trim_excerpt --><!-- AddThis Share Buttons generic via filter on wp_trim_excerpt --><\/p>\n","protected":false},"author":17,"featured_media":66025,"comment_status":"closed","ping_status":"closed","sticky":false,"template":"","format":"standard","meta":{"_monsterinsights_skip_tracking":false,"_monsterinsights_sitenote_active":false,"_monsterinsights_sitenote_note":"","_monsterinsights_sitenote_category":0,"_uf_show_specific_survey":0,"_uf_disable_surveys":false,"footnotes":""},"categories":[1390,1402],"tags":[],"class_list":["post-66024","post","type-post","status-publish","format-standard","has-post-thumbnail","hentry","category-editorias","category-cidades"],"acf":[],"_links":{"self":[{"href":"https:\/\/pdt-rj.org.br\/index.php\/wp-json\/wp\/v2\/posts\/66024","targetHints":{"allow":["GET"]}}],"collection":[{"href":"https:\/\/pdt-rj.org.br\/index.php\/wp-json\/wp\/v2\/posts"}],"about":[{"href":"https:\/\/pdt-rj.org.br\/index.php\/wp-json\/wp\/v2\/types\/post"}],"author":[{"embeddable":true,"href":"https:\/\/pdt-rj.org.br\/index.php\/wp-json\/wp\/v2\/users\/17"}],"replies":[{"embeddable":true,"href":"https:\/\/pdt-rj.org.br\/index.php\/wp-json\/wp\/v2\/comments?post=66024"}],"version-history":[{"count":5,"href":"https:\/\/pdt-rj.org.br\/index.php\/wp-json\/wp\/v2\/posts\/66024\/revisions"}],"predecessor-version":[{"id":66158,"href":"https:\/\/pdt-rj.org.br\/index.php\/wp-json\/wp\/v2\/posts\/66024\/revisions\/66158"}],"wp:featuredmedia":[{"embeddable":true,"href":"https:\/\/pdt-rj.org.br\/index.php\/wp-json\/wp\/v2\/media\/66025"}],"wp:attachment":[{"href":"https:\/\/pdt-rj.org.br\/index.php\/wp-json\/wp\/v2\/media?parent=66024"}],"wp:term":[{"taxonomy":"category","embeddable":true,"href":"https:\/\/pdt-rj.org.br\/index.php\/wp-json\/wp\/v2\/categories?post=66024"},{"taxonomy":"post_tag","embeddable":true,"href":"https:\/\/pdt-rj.org.br\/index.php\/wp-json\/wp\/v2\/tags?post=66024"}],"curies":[{"name":"wp","href":"https:\/\/api.w.org\/{rel}","templated":true}]}}