{"id":65971,"date":"2019-06-10T18:43:43","date_gmt":"2019-06-10T21:43:43","guid":{"rendered":"http:\/\/pdt-rj.org.br\/?p=65971"},"modified":"2019-06-12T14:31:31","modified_gmt":"2019-06-12T17:31:31","slug":"nove-pedetistas-estao-entre-os-parlamentares-mais-influentes-do-congresso","status":"publish","type":"post","link":"https:\/\/pdt-rj.org.br\/index.php\/nove-pedetistas-estao-entre-os-parlamentares-mais-influentes-do-congresso\/","title":{"rendered":"Nove pedetistas est\u00e3o entre os parlamentares mais influentes do Congresso"},"content":{"rendered":"<p>Os deputados pedetistas Andr\u00e9 Figueiredo (CE), l\u00edder da bancada do partido na C\u00e2mara, Afonso Motta (RS), Gustavo Fruet (PR) e Tabata Amaral(SP), est\u00e3o entre os cem parlamentares mais influentes do Congresso Nacional, na avalia\u00e7\u00e3o do Departamento Intersindical de Assessoria Parlamentar (DIAP).<\/p>\n<p>O DIAP divulgou a lista dos \u201cCem Cabe\u00e7as\u201d do Congresso, que, segundo o \u00f3rg\u00e3o, s\u00e3o aqueles parlamentares que conseguem se destacar dos demais por suas habilidades na condu\u00e7\u00e3o dos debates, negocia\u00e7\u00f5es, articula\u00e7\u00f5es, al\u00e9m da facilidade para liderar, decidir, definir posi\u00e7\u00f5es, elaborar e pautar propostas. S\u00e3o os congressistas que exercem real influ\u00eancia no processo decis\u00f3rio, na C\u00e2mara ou no Senado Federal, e sobre os atores nele envolvidos.<\/p>\n<p>Al\u00e9m dos \u201cCem Cabe\u00e7as\u201d, o DIAP divulga ainda levantamento incluindo na publica\u00e7\u00e3o outros parlamentares que t\u00eam buscado abrir canais de interlocu\u00e7\u00e3o, se credenciando para o exerc\u00edcio de lideran\u00e7as formais ou informais no \u00e2mbito do Parlamento. S\u00e3o parlamentares considerados pelo \u00f3rg\u00e3o em \u201cplena ascens\u00e3o\u201d e dessa forma fazem parte do grupo dos 150 mais influentes. Integram esse grupo outros tr\u00eas pedetistas: os deputados M\u00e1rio Heringer (MG), Paulo Ramos (RJ) e T\u00falio Gad\u00ealha (PE)<\/p>\n<p><strong>Senadores<\/strong><\/p>\n<p>Ainda nessa pesquisa, constam na lista dos mais influentes os senadores do PDT Cid Gomes (CE) e <a href=\"https:\/\/wevertonrocha.com.br\/2019\/06\/10\/weverton-e-novamente-um-dos-mais-influentes-no-congresso\/\">Weverton Rocha (MA<\/a>), l\u00edder do partido no Senado.<\/p>\n<!-- AddThis Advanced Settings generic via filter on the_content --><!-- AddThis Share Buttons generic via filter on the_content -->","protected":false},"excerpt":{"rendered":"<p>Os deputados pedetistas Andr\u00e9 Figueiredo (CE), l\u00edder da bancada do partido na C\u00e2mara, Afonso Motta (RS), Gustavo Fruet (PR) e Tabata Amaral(SP), est\u00e3o entre os cem parlamentares mais influentes do Congresso Nacional, na avalia\u00e7\u00e3o do Departamento Intersindical de Assessoria Parlamentar (DIAP). O DIAP divulgou a lista dos \u201cCem Cabe\u00e7as\u201d do Congresso, que, segundo o \u00f3rg\u00e3o,&#8230;<!-- AddThis Advanced Settings generic via filter on wp_trim_excerpt --><!-- AddThis Share Buttons generic via filter on wp_trim_excerpt --><\/p>\n","protected":false},"author":17,"featured_media":65972,"comment_status":"closed","ping_status":"closed","sticky":false,"template":"","format":"standard","meta":{"_monsterinsights_skip_tracking":false,"_monsterinsights_sitenote_active":false,"_monsterinsights_sitenote_note":"","_monsterinsights_sitenote_category":0,"_uf_show_specific_survey":0,"_uf_disable_surveys":false,"footnotes":""},"categories":[1390],"tags":[],"class_list":["post-65971","post","type-post","status-publish","format-standard","has-post-thumbnail","hentry","category-editorias"],"acf":[],"_links":{"self":[{"href":"https:\/\/pdt-rj.org.br\/index.php\/wp-json\/wp\/v2\/posts\/65971","targetHints":{"allow":["GET"]}}],"collection":[{"href":"https:\/\/pdt-rj.org.br\/index.php\/wp-json\/wp\/v2\/posts"}],"about":[{"href":"https:\/\/pdt-rj.org.br\/index.php\/wp-json\/wp\/v2\/types\/post"}],"author":[{"embeddable":true,"href":"https:\/\/pdt-rj.org.br\/index.php\/wp-json\/wp\/v2\/users\/17"}],"replies":[{"embeddable":true,"href":"https:\/\/pdt-rj.org.br\/index.php\/wp-json\/wp\/v2\/comments?post=65971"}],"version-history":[{"count":6,"href":"https:\/\/pdt-rj.org.br\/index.php\/wp-json\/wp\/v2\/posts\/65971\/revisions"}],"predecessor-version":[{"id":66037,"href":"https:\/\/pdt-rj.org.br\/index.php\/wp-json\/wp\/v2\/posts\/65971\/revisions\/66037"}],"wp:featuredmedia":[{"embeddable":true,"href":"https:\/\/pdt-rj.org.br\/index.php\/wp-json\/wp\/v2\/media\/65972"}],"wp:attachment":[{"href":"https:\/\/pdt-rj.org.br\/index.php\/wp-json\/wp\/v2\/media?parent=65971"}],"wp:term":[{"taxonomy":"category","embeddable":true,"href":"https:\/\/pdt-rj.org.br\/index.php\/wp-json\/wp\/v2\/categories?post=65971"},{"taxonomy":"post_tag","embeddable":true,"href":"https:\/\/pdt-rj.org.br\/index.php\/wp-json\/wp\/v2\/tags?post=65971"}],"curies":[{"name":"wp","href":"https:\/\/api.w.org\/{rel}","templated":true}]}}