{"id":65928,"date":"2019-06-10T17:21:42","date_gmt":"2019-06-10T20:21:42","guid":{"rendered":"http:\/\/pdt-rj.org.br\/?p=65928"},"modified":"2019-06-10T17:27:23","modified_gmt":"2019-06-10T20:27:23","slug":"joao-goulart-e-getulio-e-que-se-preocuparam-com-os-trabalhadores","status":"publish","type":"post","link":"https:\/\/pdt-rj.org.br\/index.php\/joao-goulart-e-getulio-e-que-se-preocuparam-com-os-trabalhadores\/","title":{"rendered":"\u201cJo\u00e3o Goulart e Get\u00falio \u00e9 que se preocuparam com os trabalhadores\u201d"},"content":{"rendered":"<p>O ex-ministro Jair Soares come\u00e7ou, em 1946, seus longos 62 anos de vida p\u00fablica, como vice-presidente da Mocidade do Partido Social Democr\u00e1tico ga\u00facho \u2013 mesma \u00e9poca em que Jango e Brizola, tamb\u00e9m jovens, militavam na Ala Mo\u00e7a do PTB. Jair Soares, formado em Odontologia e depois em Direito, foi vereador, secret\u00e1rio de Sa\u00fade, deputado federal, ministro da Previd\u00eancia Social e governador dos ga\u00fachos, pelo PDS, entre 1983 e 1987, mesmo per\u00edodo em que Brizola governou o Rio de Janeiro, na primeira elei\u00e7\u00e3o direta depois da ditadura.<\/p>\n<p>Como ministro, destacou medidas que tomou em defesa do servidor p\u00fablico; e lembrou que, no Governo do Estado, atendeu uma reivindica\u00e7\u00e3o do funcionalismo ga\u00facho que havia mais de 20 anos, ao conceder-lhes o 13\u00b0 sal\u00e1rio.<\/p>\n<p>Jair Soares conheceu Jango de perto e, embora n\u00e3o participasse das mesmas rodas pol\u00edticas, o admirava por sua paci\u00eancia de ouvir a todos, especialmente \u201cas pessoas simples e s\u00e1bias\u201d. O movimento da Legalidade, liderado por Brizola, que garantiu a posse de Jango foi para ele \u201cuma dessas coisas que acontecem na nossa pol\u00edtica, que nos enriquecem \u2013 mas n\u00e3o cultuamos, porque n\u00e3o veneramos aqueles que, realmente, fizeram algo pelo pa\u00eds\u201d.<\/p>\n<p>Como atuavam em campos opostos na pol\u00edtica, Jair Soares destaca que s\u00f3 quando se tornou Ministro da Previd\u00eancia no Governo Figueiredo, de 1979 a 1982, \u00e9 que viu de perto o trabalho que Jango fez, especialmente na quest\u00e3o da previd\u00eancia social brasileira. E declara: \u201cAcho que temos que prestar uma grande homenagem ao presidente Jo\u00e3o Goulart, nestes 100 anos, porque ela \u00e9 merecida; mais ainda da minha parte, porque fui advers\u00e1rio e amigo dos trabalhistas\u201d.<\/p>\n<p>Segundo Jair Soares, de Jango em diante (depois do golpe de 64), muito pouco foi feito pelos trabalhadores brasileiros. \u201cGet\u00falio Vargas e Jo\u00e3o Goulart foram pessoas que se preocuparam com o direito social: com a Previd\u00eancia, com o trabalhador\u201d.<\/p>\n<p>O ex- ministro da Previd\u00eancia Social, ao reafirmar que ningu\u00e9m fez mais pelos trabalhadores brasileiros do que Get\u00falio Vargas e Jo\u00e3o Goulart, lamenta que o que os dois fizeram n\u00e3o foi aprimorado \u2013 \u201cesta \u00e9 que \u00e9 a grande quest\u00e3o. E foi categ\u00f3rico: \u201cAo contr\u00e1rio, hoje, sofremos a fal\u00e1cia do d\u00e9ficit da Previd\u00eancia, que \u00e9 uma mentira\u201d.<\/p>\n<p>Jair Soares achava que quando o PT assumiu o governo seria diferente. Mas isto, para ele, n\u00e3o aconteceu; e o PT, no governo, foi at\u00e9 pior. Lembrou que Juscelino Kubistchek, na presid\u00eancia, \u201craspou todo o dinheiro para construir Bras\u00edlia\u201d, acabando com as reservas da Previd\u00eancia; nunca devolvidas.<\/p>\n<p>Mas Lula, em sua opini\u00e3o, fez pior ao botar todos os recursos da Previd\u00eancia na \u201csuper-receita\u201d, misturando dinheiro do empregador, do trabalhador, das prefeituras, dos estados, das empresas, da contribui\u00e7\u00e3o sobre o Finsocial e das loterias.<\/p>\n<p>Por isto, como conhecedor do direito previdenci\u00e1rio, n\u00e3o faz sentido afirmar \u2013 como o ministro Paulo Guedes faz o tempo todo \u2013 que se n\u00e3o fizer a reforma da Previd\u00eancia o Brasil vai parar. \u201cOr\u00e7amento da Uni\u00e3o \u00e9 uma coisa, or\u00e7amento da Previd\u00eancia \u00e9 outra\u201d, garante.<\/p>\n<p>Jair Soares considera que \u00e9 important\u00edssimo que os jovens se inteirem do debate da Previd\u00eancia \u2013 a come\u00e7ar pela obrigatoriedade de serem descontados em seus sal\u00e1rios assim que entram no mercado do trabalho \u2013 exatamente por serem jovens e n\u00e3o estarem nem um pouco preocupados com o fato de que um dia precisar\u00e3o estar aposentados. Em sua explica\u00e7\u00e3o sobre esta despreocupa\u00e7\u00e3o, usa a express\u00e3o \u201cjovens, quando o \u00e9ramos\u201d, o que demonstra que tamb\u00e9m era um pensamento natural no per\u00edodo de sua juventude.<\/p>\n<p>\u2013 \u201cA gente nunca acha que vai adoecer; nunca se pensa que vai morrer. E a coisa mais certa na vida \u00e9 que o ep\u00edlogo \u00e9 a morte: n\u00e3o existe vacina para a vida; n\u00e3o existe o ficar para a vida toda. E os jovens, se n\u00e3o fosse obrigat\u00f3rio, n\u00e3o fariam a sua poupan\u00e7a para ter uma velhice adequada, para poder viver com dignidade\u201d.<\/p>\n<p> Confira a entrevista completa abaixo: <\/p>\n<figure class=\"wp-block-embed-youtube wp-block-embed is-type-video is-provider-youtube wp-embed-aspect-16-9 wp-has-aspect-ratio\">\n<div class=\"wp-block-embed__wrapper\">\n<iframe loading=\"lazy\" title=\"JAIR SOARES: \u201cJANGO E GET\u00daLIO \u00c9 QUE SE PREOCUPARAM COM OS TRABALHADORES.&quot;\" width=\"640\" height=\"360\" src=\"https:\/\/www.youtube.com\/embed\/8uGUfGhyy9Y?feature=oembed\" frameborder=\"0\" allow=\"accelerometer; autoplay; clipboard-write; encrypted-media; gyroscope; picture-in-picture; web-share\" referrerpolicy=\"strict-origin-when-cross-origin\" allowfullscreen><\/iframe>\n<\/div>\n<\/figure>\n<!-- AddThis Advanced Settings generic via filter on the_content --><!-- AddThis Share Buttons generic via filter on the_content -->","protected":false},"excerpt":{"rendered":"<p>O ex-ministro Jair Soares come\u00e7ou, em 1946, seus longos 62 anos de vida p\u00fablica, como vice-presidente da Mocidade do Partido Social Democr\u00e1tico ga\u00facho \u2013 mesma \u00e9poca em que Jango e Brizola, tamb\u00e9m jovens, militavam na Ala Mo\u00e7a do PTB. Jair Soares, formado em Odontologia e depois em Direito, foi vereador, secret\u00e1rio de Sa\u00fade, deputado federal,&#8230;<!-- AddThis Advanced Settings generic via filter on wp_trim_excerpt --><!-- AddThis Share Buttons generic via filter on wp_trim_excerpt --><\/p>\n","protected":false},"author":17,"featured_media":65938,"comment_status":"closed","ping_status":"closed","sticky":false,"template":"","format":"standard","meta":{"_monsterinsights_skip_tracking":false,"_monsterinsights_sitenote_active":false,"_monsterinsights_sitenote_note":"","_monsterinsights_sitenote_category":0,"_uf_show_specific_survey":0,"_uf_disable_surveys":false,"footnotes":""},"categories":[1390,3230],"tags":[],"class_list":["post-65928","post","type-post","status-publish","format-standard","has-post-thumbnail","hentry","category-editorias","category-centenario-de-jango"],"acf":[],"_links":{"self":[{"href":"https:\/\/pdt-rj.org.br\/index.php\/wp-json\/wp\/v2\/posts\/65928","targetHints":{"allow":["GET"]}}],"collection":[{"href":"https:\/\/pdt-rj.org.br\/index.php\/wp-json\/wp\/v2\/posts"}],"about":[{"href":"https:\/\/pdt-rj.org.br\/index.php\/wp-json\/wp\/v2\/types\/post"}],"author":[{"embeddable":true,"href":"https:\/\/pdt-rj.org.br\/index.php\/wp-json\/wp\/v2\/users\/17"}],"replies":[{"embeddable":true,"href":"https:\/\/pdt-rj.org.br\/index.php\/wp-json\/wp\/v2\/comments?post=65928"}],"version-history":[{"count":10,"href":"https:\/\/pdt-rj.org.br\/index.php\/wp-json\/wp\/v2\/posts\/65928\/revisions"}],"predecessor-version":[{"id":65970,"href":"https:\/\/pdt-rj.org.br\/index.php\/wp-json\/wp\/v2\/posts\/65928\/revisions\/65970"}],"wp:featuredmedia":[{"embeddable":true,"href":"https:\/\/pdt-rj.org.br\/index.php\/wp-json\/wp\/v2\/media\/65938"}],"wp:attachment":[{"href":"https:\/\/pdt-rj.org.br\/index.php\/wp-json\/wp\/v2\/media?parent=65928"}],"wp:term":[{"taxonomy":"category","embeddable":true,"href":"https:\/\/pdt-rj.org.br\/index.php\/wp-json\/wp\/v2\/categories?post=65928"},{"taxonomy":"post_tag","embeddable":true,"href":"https:\/\/pdt-rj.org.br\/index.php\/wp-json\/wp\/v2\/tags?post=65928"}],"curies":[{"name":"wp","href":"https:\/\/api.w.org\/{rel}","templated":true}]}}