{"id":65751,"date":"2019-06-06T15:43:11","date_gmt":"2019-06-06T18:43:11","guid":{"rendered":"http:\/\/pdt-rj.org.br\/?p=65751"},"modified":"2019-06-06T16:01:27","modified_gmt":"2019-06-06T19:01:27","slug":"romildo-bolzan-jango-um-brasileiro-da-melhor-especie","status":"publish","type":"post","link":"https:\/\/pdt-rj.org.br\/index.php\/romildo-bolzan-jango-um-brasileiro-da-melhor-especie\/","title":{"rendered":"&#8220;Jo\u00e3o Goulart foi o mais injusti\u00e7ados dos pol\u00edticos brasileiros&#8221;"},"content":{"rendered":"<p>Nascido nos anos 60, o ex-vereador e ex-prefeito de Os\u00f3rio por tr\u00eas mandatos Romildo Bolzan J\u00fanior conviveu, dentro de casa, com os nomes dos grandes l\u00edderes trabalhistas \u2013 Vargas, Jango e Brizola \u2013 por conta de seu pai, professor, que foi para Os\u00f3rio trabalhar na escola e acabou se radicando l\u00e1, cidade que o elegeu vereador pelo velho PTB e depois prefeito, ao longo dos anos 50, d\u00e9cada em que Brizola governou o Rio Grande do Sul.<\/p>\n<p>Atual presidente do Gr\u00eamio Porto-Alegrense, Bolzan J\u00fanior presidiu o PDT ga\u00facho por oito anos e se define \u2013 por ter seguido os passos do pai na pol\u00edtica \u2013 como um \u201cegresso de pai trabalhista\u201d. Jango foi um nome muito presente em toda a sua vida, atrav\u00e9s do seu pai; e sempre foi para Bolzan uma esp\u00e9cie de exemplo, \u201cpelo que significava para o meu pai. Sempre o admirei; sempre tive por ele empatia e identifica\u00e7\u00e3o\u201d.<\/p>\n<p>Seu amadurecimento pol\u00edtico, atrav\u00e9s das leituras e do melhor conhecimento dos fatos, consolidou o ponto de vista herdado de pai de que Jango foi uma grande lideran\u00e7a, um grande estadista. \u201cJango recebeu a oportunidade de ser ministro \u2013 com a simpatia do presidente Get\u00falio Vargas \u2013 e se mostrou capaz, competente e identificado pol\u00edtica e ideologicamente com compromissos claros e n\u00edtidos\u201d com o Trabalhismo.<\/p>\n<p>Para Bolzan, Jango se fez vice-presidente da Rep\u00fablica e depois Presidente exatamente por conta de sua capacidade, consci\u00eancia pol\u00edtica e, principalmente, sua lideran\u00e7a. \u201cJango sempre se elegeu \u00fanica e exclusivamente Vice-Presidente da Rep\u00fablica. E ao se eleger vice, se elegeu com mais voto, \u00e0s vezes, que o pr\u00f3prio Presidente. Isto \u00e9 lideran\u00e7a\u201d, argumentou.<\/p>\n<p>Bolzan falou sobre a import\u00e2ncia da mobiliza\u00e7\u00e3o popular liderada por Brizola \u2013 a campanha da Legalidade \u2013, que \u201cfoi um dos movimentos populares mais importantes, mais expressivos e emblem\u00e1ticos para defender um governo que se poderia discordar ou n\u00e3o discordar, mas que era leg\u00edtimo\u201d. Tamb\u00e9m falou sobre as reformas de base de Jango que \u201cse tivessem vingado por inteiro, o pa\u00eds n\u00e3o seria mais este que vivemos\u201d.<\/p>\n<p>\u201cEstar\u00edamos numa ordem social muito mais justa\u201d, em um pa\u00eds mais igualit\u00e1rio, socialmente mais identificado com as demandas populares. O golpe militar de 64, em sua vis\u00e3o \u201ce sem a menor d\u00favida, foi um golpe contra a pr\u00f3pria cidadania\u201d. <\/p>\n<p>Para Bolzan, \u201cas reformas de base de Jango \u2013 no campo, na cidade e no setor p\u00fablico \u2013 davam conte\u00fado e vis\u00e3o muito clara de que o Brasil tinha que ser dos brasileiros, e justo com todos\u201d. Defensor e propagador do Trabalhismo, Bolzan o considera como a corrente pol\u00edtica que mais contribuiu na preserva\u00e7\u00e3o do patrim\u00f4nio p\u00fablico, no impulsionamento do desenvolvimento nacional, por conta da vis\u00e3o estrat\u00e9gica de que cada setor da vida brasileira precisava de uma interven\u00e7\u00e3o estatal em prol do desenvolvimento. <\/p>\n<p>\u201cO Trabalhismo foi a ideologia pol\u00edtica que mais criou condi\u00e7\u00f5es de dar aos brasileiros autonomia, autossufici\u00eancia, autoestima e, por consequ\u00eancia, soberania\u201d. O Trabalhismo, acrescentou, foi fundamental para que o povo brasileiro se sentisse dono, efetivamente, dos bens p\u00fablicos que lhe pertencem \u2013 bens comuns que est\u00e3o no subsolo, como o petr\u00f3leo e os min\u00e9rios; bens como moradia; e em toda a\u00e7\u00e3o que vise exclusivamente a patrocinar os meios de produ\u00e7\u00e3o de maneira mais justa para servir a todos os brasileiros.<\/p>\n<p>A elite brasileira, na opini\u00e3o de Bolzan, \u201csempre teve um sentimento forte de ego\u00edsmo\u201d; ego\u00edsmo dos que acham que s\u00e3o os donos dos meios de produ\u00e7\u00e3o e o povo n\u00e3o \u00e9 dono de nada. \u201c\u00c9 muito simplista dizer: eu produzo, eu emprego, eu corro riscos; por consequ\u00eancia, sou dono de tudo\u201d. Trazendo a quest\u00e3o para os dias de hoje, de desregulamenta\u00e7\u00f5es a partir de decis\u00f5es do governo rec\u00e9m-empossado, Bolzan dispara: \u201cO que estamos vendo hoje \u00e9 o exato reflexo do ego\u00edsmo das elites\u201d brasileiras.<\/p>\n<p>A chamada \u201ccarteira verde e amarela\u201d \u00e9 uma iniciativa que faz parte da mesma iniciativa que motivou o golpe de 64, ao caminhar junto com a desnacionaliza\u00e7\u00e3o de empresas estatais estrat\u00e9gicas para o pa\u00eds. Para Bolzan, os movimentos de hoje, dentro da ordem democr\u00e1tica, refletem os mesmos movimentos ocorridos em 64, porque os conte\u00fados ideol\u00f3gicos s\u00e3o id\u00eanticos. \u201cJango foi deposto porque criou um pa\u00eds muito mais justo, mais capaz de produzir igualdade entre as pessoas, mais capaz de criar o bem estar para todos\u201d. <\/p>\n<p>Jango foi derrubado, na opini\u00e3o de Bolzan, por um movimento militar contra o avan\u00e7o social do pa\u00eds porque Jango foi a s\u00edntese da melhor qualidade social que o Brasil poderia produzir. \u201cEle caiu por conta de suas qualidades\u201d, sintetizou.<\/p>\n<p>E evitou tamb\u00e9m, para preservar a integridade do povo brasileiro, o derramamento de sangue em 1964. \u201cEu respeito este tipo de decis\u00e3o, dou legitimidade a este tipo de decis\u00e3o e creio que Jango teve todos os fatores de sua decis\u00e3o pesados para que isto acontecesse\u201d, argumentou Bolzan.<\/p>\n<p>\u201cJango era um ser humano despojado, homem inteligent\u00edssimo, grande negociador, grande pecuarista, homem capaz de aumentar e fazer patrim\u00f4nio\u201d, mas tamb\u00e9m um homem que sabia muito bem o que fazia: um grande pol\u00edtico, grande estadista e, principalmente, homem solid\u00e1rio \u2013 porque n\u00e3o se vinculava ao que definiu como \u201cpoder fechado\u201d: as elites.<\/p>\n<p>Jango, concluiu, \u201cfoi um brasileiro da melhor esp\u00e9cie\u201d e o mais injusti\u00e7ados dos pol\u00edticos brasileiros, porque sofreu na carne todos os processos ideol\u00f3gicos represados.<\/p>\n<p> Confira a entrevista completa abaixo: <\/p>\n<figure class=\"wp-block-embed-youtube wp-block-embed is-type-video is-provider-youtube wp-embed-aspect-16-9 wp-has-aspect-ratio\">\n<div class=\"wp-block-embed__wrapper\">\n<iframe loading=\"lazy\" title=\"ROMILDO BOLZAN: \u201cJANGO, UM BRASILEIRO DA MELHOR ESP\u00c9CIE\u201d.\" width=\"640\" height=\"360\" src=\"https:\/\/www.youtube.com\/embed\/Q4bQiku64HU?feature=oembed\" frameborder=\"0\" allow=\"accelerometer; autoplay; clipboard-write; encrypted-media; gyroscope; picture-in-picture; web-share\" referrerpolicy=\"strict-origin-when-cross-origin\" allowfullscreen><\/iframe>\n<\/div>\n<\/figure>\n<!-- AddThis Advanced Settings generic via filter on the_content --><!-- AddThis Share Buttons generic via filter on the_content -->","protected":false},"excerpt":{"rendered":"<p>Nascido nos anos 60, o ex-vereador e ex-prefeito de Os\u00f3rio por tr\u00eas mandatos Romildo Bolzan J\u00fanior conviveu, dentro de casa, com os nomes dos grandes l\u00edderes trabalhistas \u2013 Vargas, Jango e Brizola \u2013 por conta de seu pai, professor, que foi para Os\u00f3rio trabalhar na escola e acabou se radicando l\u00e1, cidade que o elegeu&#8230;<!-- AddThis Advanced Settings generic via filter on wp_trim_excerpt --><!-- AddThis Share Buttons generic via filter on wp_trim_excerpt --><\/p>\n","protected":false},"author":17,"featured_media":65885,"comment_status":"closed","ping_status":"closed","sticky":false,"template":"","format":"standard","meta":{"_monsterinsights_skip_tracking":false,"_monsterinsights_sitenote_active":false,"_monsterinsights_sitenote_note":"","_monsterinsights_sitenote_category":0,"_uf_show_specific_survey":0,"_uf_disable_surveys":false,"footnotes":""},"categories":[1390,3230],"tags":[],"class_list":["post-65751","post","type-post","status-publish","format-standard","has-post-thumbnail","hentry","category-editorias","category-centenario-de-jango"],"acf":[],"_links":{"self":[{"href":"https:\/\/pdt-rj.org.br\/index.php\/wp-json\/wp\/v2\/posts\/65751","targetHints":{"allow":["GET"]}}],"collection":[{"href":"https:\/\/pdt-rj.org.br\/index.php\/wp-json\/wp\/v2\/posts"}],"about":[{"href":"https:\/\/pdt-rj.org.br\/index.php\/wp-json\/wp\/v2\/types\/post"}],"author":[{"embeddable":true,"href":"https:\/\/pdt-rj.org.br\/index.php\/wp-json\/wp\/v2\/users\/17"}],"replies":[{"embeddable":true,"href":"https:\/\/pdt-rj.org.br\/index.php\/wp-json\/wp\/v2\/comments?post=65751"}],"version-history":[{"count":9,"href":"https:\/\/pdt-rj.org.br\/index.php\/wp-json\/wp\/v2\/posts\/65751\/revisions"}],"predecessor-version":[{"id":65893,"href":"https:\/\/pdt-rj.org.br\/index.php\/wp-json\/wp\/v2\/posts\/65751\/revisions\/65893"}],"wp:featuredmedia":[{"embeddable":true,"href":"https:\/\/pdt-rj.org.br\/index.php\/wp-json\/wp\/v2\/media\/65885"}],"wp:attachment":[{"href":"https:\/\/pdt-rj.org.br\/index.php\/wp-json\/wp\/v2\/media?parent=65751"}],"wp:term":[{"taxonomy":"category","embeddable":true,"href":"https:\/\/pdt-rj.org.br\/index.php\/wp-json\/wp\/v2\/categories?post=65751"},{"taxonomy":"post_tag","embeddable":true,"href":"https:\/\/pdt-rj.org.br\/index.php\/wp-json\/wp\/v2\/tags?post=65751"}],"curies":[{"name":"wp","href":"https:\/\/api.w.org\/{rel}","templated":true}]}}