{"id":65651,"date":"2019-05-31T17:14:04","date_gmt":"2019-05-31T20:14:04","guid":{"rendered":"http:\/\/pdt-rj.org.br\/?p=65651"},"modified":"2019-05-31T17:14:05","modified_gmt":"2019-05-31T20:14:05","slug":"cid-gomes-diz-que-corte-de-recursos-ja-esta-comprometendo-funcionamento-de-instituicoes-federais","status":"publish","type":"post","link":"https:\/\/pdt-rj.org.br\/index.php\/cid-gomes-diz-que-corte-de-recursos-ja-esta-comprometendo-funcionamento-de-instituicoes-federais\/","title":{"rendered":"Cid Gomes diz que corte de recursos j\u00e1 est\u00e1 comprometendo funcionamento de institui\u00e7\u00f5es federais"},"content":{"rendered":"<p>O senador Cid Gomes participou, na manh\u00e3 desta sexta-feira (31), de audi\u00eancia p\u00fablica da Assembleia Legislativa do Cear\u00e1 que debateu os cortes de recursos para universidades e institutos federais de todo o Pa\u00eds. A realiza\u00e7\u00e3o do debate foi resultado de solicita\u00e7\u00e3o do presidente da Comiss\u00e3o de Educa\u00e7\u00e3o da Casa, deputado Queiroz Filho, e contou com a participa\u00e7\u00e3o do presidente da Assembleia, Jos\u00e9 Sarto, de parlamentares estaduais e federais, al\u00e9m de reitores das universidades cearenses e do Instituto Federal do Cear\u00e1. <\/p>\n<p>Cid Gomes lembrou que o percentual de cortes chega a 30% dos valores repassados para custeio e investimento das institui\u00e7\u00f5es, o que j\u00e1 est\u00e1 inviabilizando o funcionamento. \u201cIsso compromete j\u00e1 agora o funcionamento das universidades, por isso \u00e9 importante que a gente se mobilize\u201d, afirmou.<\/p>\n<p>O Senador refor\u00e7ou a import\u00e2ncia de continuar a mobiliza\u00e7\u00e3o, n\u00e3o s\u00f3 nos parlamentos, mas com toda a popula\u00e7\u00e3o, especialmente na comunidade escolar. \u201cN\u00e3o \u00e9 cortando da educa\u00e7\u00e3o que a gente vai conseguir resolver os problemas do presente e com certeza vamos comprometer o futuro. Estamos tratando de gera\u00e7\u00f5es, a maioria filhos de trabalhadores, que est\u00e3o tendo a oportunidade de frequentar  uma universidade\u201d, ressaltou.<\/p>\n<p>Cid voltou a defendeu o or\u00e7amento impositivo, que fa\u00e7a uma previs\u00e3o de receita mais condizente com a realidade e defina as despesas que dever\u00e3o obrigatoriamente ser cumpridas. \u201cO or\u00e7amento impositivo evitar\u00e1 que esses contingenciamentos sejam feitos por meio de decreto presidencial, como foi feito agora com os recursos da educa\u00e7\u00e3o\u201d, finalizou.<\/p>\n<!-- AddThis Advanced Settings generic via filter on the_content --><!-- AddThis Share Buttons generic via filter on the_content -->","protected":false},"excerpt":{"rendered":"<p>O senador Cid Gomes participou, na manh\u00e3 desta sexta-feira (31), de audi\u00eancia p\u00fablica da Assembleia Legislativa do Cear\u00e1 que debateu os cortes de recursos para universidades e institutos federais de todo o Pa\u00eds. A realiza\u00e7\u00e3o do debate foi resultado de solicita\u00e7\u00e3o do presidente da Comiss\u00e3o de Educa\u00e7\u00e3o da Casa, deputado Queiroz Filho, e contou com&#8230;<!-- AddThis Advanced Settings generic via filter on wp_trim_excerpt --><!-- AddThis Share Buttons generic via filter on wp_trim_excerpt --><\/p>\n","protected":false},"author":17,"featured_media":65654,"comment_status":"closed","ping_status":"closed","sticky":false,"template":"","format":"standard","meta":{"_monsterinsights_skip_tracking":false,"_monsterinsights_sitenote_active":false,"_monsterinsights_sitenote_note":"","_monsterinsights_sitenote_category":0,"_uf_show_specific_survey":0,"_uf_disable_surveys":false,"footnotes":""},"categories":[1459,976],"tags":[],"class_list":["post-65651","post","type-post","status-publish","format-standard","has-post-thumbnail","hentry","category-congresso","category-noticias-em-destaque"],"acf":[],"_links":{"self":[{"href":"https:\/\/pdt-rj.org.br\/index.php\/wp-json\/wp\/v2\/posts\/65651","targetHints":{"allow":["GET"]}}],"collection":[{"href":"https:\/\/pdt-rj.org.br\/index.php\/wp-json\/wp\/v2\/posts"}],"about":[{"href":"https:\/\/pdt-rj.org.br\/index.php\/wp-json\/wp\/v2\/types\/post"}],"author":[{"embeddable":true,"href":"https:\/\/pdt-rj.org.br\/index.php\/wp-json\/wp\/v2\/users\/17"}],"replies":[{"embeddable":true,"href":"https:\/\/pdt-rj.org.br\/index.php\/wp-json\/wp\/v2\/comments?post=65651"}],"version-history":[{"count":2,"href":"https:\/\/pdt-rj.org.br\/index.php\/wp-json\/wp\/v2\/posts\/65651\/revisions"}],"predecessor-version":[{"id":65656,"href":"https:\/\/pdt-rj.org.br\/index.php\/wp-json\/wp\/v2\/posts\/65651\/revisions\/65656"}],"wp:featuredmedia":[{"embeddable":true,"href":"https:\/\/pdt-rj.org.br\/index.php\/wp-json\/wp\/v2\/media\/65654"}],"wp:attachment":[{"href":"https:\/\/pdt-rj.org.br\/index.php\/wp-json\/wp\/v2\/media?parent=65651"}],"wp:term":[{"taxonomy":"category","embeddable":true,"href":"https:\/\/pdt-rj.org.br\/index.php\/wp-json\/wp\/v2\/categories?post=65651"},{"taxonomy":"post_tag","embeddable":true,"href":"https:\/\/pdt-rj.org.br\/index.php\/wp-json\/wp\/v2\/tags?post=65651"}],"curies":[{"name":"wp","href":"https:\/\/api.w.org\/{rel}","templated":true}]}}