{"id":64837,"date":"2019-05-28T17:52:08","date_gmt":"2019-05-28T20:52:08","guid":{"rendered":"http:\/\/pdt-rj.org.br\/?p=64837"},"modified":"2019-06-04T11:23:47","modified_gmt":"2019-06-04T14:23:47","slug":"pdt-reafirma-do-pais-contra-medidas-do-governo-federal","status":"publish","type":"post","link":"https:\/\/pdt-rj.org.br\/index.php\/pdt-reafirma-do-pais-contra-medidas-do-governo-federal\/","title":{"rendered":"PDT reafirma defesa do Pa\u00eds contra medidas do Governo Federal"},"content":{"rendered":"<p>\u201cN\u00f3s queremos o compromisso da sociedade que queira apostar na intelig\u00eancia do Brasil\u201d, afirmou o presidente nacional do PDT, Carlos Lupi, nesta ter\u00e7a-feira (28), ao final da reuni\u00e3o realizada na sede nacional do partido em Bras\u00edlia, com a sua bancada federal \u2013 deputados e senadores \u2013 e membros da executiva Nacional do partido, dentre eles Ciro Gomes, vice-presidente nacional da legenda, Manoel Dias, secret\u00e1rio-geral nacional, e a deputada estadual Juliana Brizola, secret\u00e1ria de Rela\u00e7\u00f5es Internacionais.<\/p>\n<p>A fala de Lupi representa a t\u00f4nica da reuni\u00e3o, que ele mesmo classificou como \u201cmuito proveitosa\u201d, na qual foi avaliada a conjuntura pol\u00edtica do Pa\u00eds e discutidos os caminhos que o PDT apresentar\u00e1, periodicamente, \u00e0 popula\u00e7\u00e3o, em detrimento do que tem sido apresentado pelo atual Governo de Jair Bolsonaro, como a pol\u00eamica proposta de reforma da Previd\u00eancia.<\/p>\n<p>Al\u00e9m de ratificar o consenso do Diret\u00f3rio Nacional do PDT da \u00faltima conven\u00e7\u00e3o nacional do partido, realizada em mar\u00e7o deste ano, que decidiu pelo posicionamento contr\u00e1rio \u00e0 referida reforma, tamb\u00e9m houve consenso quanto \u00e0 import\u00e2ncia da unidade da bancada pedetista, sobretudo em face dos \u00faltimos fatos envolvendo o Governo, como as manifesta\u00e7\u00f5es dessa segunda-feira (27), que aconteceram em diferentes locais do Pa\u00eds.<\/p>\n<p>\u201cTodos n\u00f3s estamos muito preocupados com as amea\u00e7as da sociedade democr\u00e1tica, as amea\u00e7as contra as organiza\u00e7\u00f5es sociais. A gente v\u00ea um governo raivoso, alimentado pelo \u00f3dio, pelo desmonte do Estado, para trazer preju\u00edzo ao trabalhador, para trazer preju\u00edzo ao aposentado, e o PDT vai ser uma trincheira de luta ao lado desse povo mais sofrido\u201d, alertou Lupi. <\/p>\n<p>O presidente destacou a import\u00e2ncia do protagonismo do PDT, tanto em sua atua\u00e7\u00e3o no Congresso, por meio dos parlamentares, quanto o protagonismo de Ciro Gomes, ao lado de quem toda a legenda reafirma o compromisso de lutar pela manuten\u00e7\u00e3o da democracia no Brasil e pelos direitos dos trabalhadores.<\/p>\n<p>\u201cCiro est\u00e1 fazendo com que a parte de intelig\u00eancia da sociedade acorde para o seu papel. Ciro tem feito um papel de extrema import\u00e2ncia para o Brasil, para o nosso partido. A sua capacidade de convencimento, com a sua intelig\u00eancia, com a sua abnega\u00e7\u00e3o \u00e0 causa da P\u00e1tria nos emociona\u201d, refor\u00e7ou Lupi.<\/p>\n<p>\u201cE agente, com isso, come\u00e7a a preparar a nossa plataforma a partir de 2020, para 2022. N\u00f3s, com anteced\u00eancia, queremos dizer para a popula\u00e7\u00e3o brasileira o que vai ser o nosso projeto nacional desenvolvimentista, disse Lupi, lembrando que esse \u00e9 projeto apresentado por Ciro, durante a sua campanha para a Presid\u00eancia, em 2017.<\/p>\n<p>Ao falar sobre as manifesta\u00e7\u00f5es pr\u00f3-Governo, Ciro destacou que, embora avaliados com humildade pelo partido, esses movimentos tamb\u00e9m despertam preocupa\u00e7\u00e3o, sobretudo devido \u00e0 t\u00f4nica dos protestos, com gritos de \u00f3dio desferidos contra as institui\u00e7\u00f5es governamentais do Pa\u00eds. <\/p>\n<p>\u201cN\u00f3s sabemos das contradi\u00e7\u00f5es da vida pol\u00edtica brasileira. N\u00f3s sabemos das distor\u00e7\u00f5es do judici\u00e1rio brasileiro. N\u00f3s sabemos das absolutamente preocupantes e renitentes distor\u00e7\u00f5es da vida parlamentar do Brasil. Mas, em nenhuma hip\u00f3tese, o caminho para resolver essas contradi\u00e7\u00f5es \u00e9 a viol\u00eancia, o \u00f3dio, a trucul\u00eancia, fechar o Congresso Nacional, fechar Supremo Tribunal Federal, que foram express\u00f5es bastante graves feitas nas ruas do Brasil por compatriotas nossos, equivocados\u201d, salientou Ciro.<\/p>\n<p>\u201cN\u00f3s n\u00e3o toleraremos que o senhor Jair Bolsonaro, incompetente, despreparado, sem projeto e sem proposta, transfira as culpas e as responsabilidades que s\u00e3o dele, para essas eventuais distor\u00e7\u00f5es que aqui e ali nos preocupam\u201d, continua Ciro.<\/p>\n<p>Quanto \u00e0 proposta de reforma da Previd\u00eancia, Ciro ressalta o seu aspecto negativo para a popula\u00e7\u00e3o assalariada, que todo o projeto prejudica, principalmente, os trabalhadores que ganham at\u00e9 dois sal\u00e1rios m\u00ednimos.<\/p>\n<p>\u201cSe ela [reforma da Previd\u00eancia] ainda tem chance de andar, \u00e9 porque boa parte muito conservadora do Congresso, que \u00e9 a turma dele, \u00e9 que est\u00e1 sustentando a possibilidade disso. E a\u00ed vem, agora, inventar, \u00e9 para entupir o vazio de propostas, o desemprego galopante e a brutal falta de intelig\u00eancia estrat\u00e9gica, que um oportunista mentiroso se elegeu fazendo e, agora, n\u00e3o sabe o que entregar\u201d, disparou.<\/p>\n<p>Assim como o presidente Lupi, o deputado federal Andr\u00e9 Figueiredo (CE), l\u00edder do PDT na C\u00e2mara, tamb\u00e9m avaliou a reuni\u00e3o de hoje como positiva, e tamb\u00e9m destacou a import\u00e2ncia do posicionamento do PDT na atual conjuntura, bem como o papel de Ciro Gomes, quanto \u00e0s expectativas para o futuro do Brasil.<\/p>\n<p>\u201cTemos sempre que apresentar caminhos e sermos diferentes do que foi, do que a\u00ed est\u00e1. E eu tenho certeza de que o Ciro materializa esse sonho, que o Brizola tanto teve, de um Brasil verdadeiramente do povo brasileiro\u201d, disse o l\u00edder. <\/p>\n<!-- AddThis Advanced Settings generic via filter on the_content --><!-- AddThis Share Buttons generic via filter on the_content -->","protected":false},"excerpt":{"rendered":"<p>\u201cN\u00f3s queremos o compromisso da sociedade que queira apostar na intelig\u00eancia do Brasil\u201d, afirmou o presidente nacional do PDT, Carlos Lupi, nesta ter\u00e7a-feira (28), ao final da reuni\u00e3o realizada na sede nacional do partido em Bras\u00edlia, com a sua bancada federal \u2013 deputados e senadores \u2013 e membros da executiva Nacional do partido, dentre eles&#8230;<!-- AddThis Advanced Settings generic via filter on wp_trim_excerpt --><!-- AddThis Share Buttons generic via filter on wp_trim_excerpt --><\/p>\n","protected":false},"author":17,"featured_media":64839,"comment_status":"closed","ping_status":"closed","sticky":false,"template":"","format":"standard","meta":{"_monsterinsights_skip_tracking":false,"_monsterinsights_sitenote_active":false,"_monsterinsights_sitenote_note":"","_monsterinsights_sitenote_category":0,"_uf_show_specific_survey":0,"_uf_disable_surveys":false,"footnotes":""},"categories":[976],"tags":[],"class_list":["post-64837","post","type-post","status-publish","format-standard","has-post-thumbnail","hentry","category-noticias-em-destaque"],"acf":[],"_links":{"self":[{"href":"https:\/\/pdt-rj.org.br\/index.php\/wp-json\/wp\/v2\/posts\/64837","targetHints":{"allow":["GET"]}}],"collection":[{"href":"https:\/\/pdt-rj.org.br\/index.php\/wp-json\/wp\/v2\/posts"}],"about":[{"href":"https:\/\/pdt-rj.org.br\/index.php\/wp-json\/wp\/v2\/types\/post"}],"author":[{"embeddable":true,"href":"https:\/\/pdt-rj.org.br\/index.php\/wp-json\/wp\/v2\/users\/17"}],"replies":[{"embeddable":true,"href":"https:\/\/pdt-rj.org.br\/index.php\/wp-json\/wp\/v2\/comments?post=64837"}],"version-history":[{"count":34,"href":"https:\/\/pdt-rj.org.br\/index.php\/wp-json\/wp\/v2\/posts\/64837\/revisions"}],"predecessor-version":[{"id":65731,"href":"https:\/\/pdt-rj.org.br\/index.php\/wp-json\/wp\/v2\/posts\/64837\/revisions\/65731"}],"wp:featuredmedia":[{"embeddable":true,"href":"https:\/\/pdt-rj.org.br\/index.php\/wp-json\/wp\/v2\/media\/64839"}],"wp:attachment":[{"href":"https:\/\/pdt-rj.org.br\/index.php\/wp-json\/wp\/v2\/media?parent=64837"}],"wp:term":[{"taxonomy":"category","embeddable":true,"href":"https:\/\/pdt-rj.org.br\/index.php\/wp-json\/wp\/v2\/categories?post=64837"},{"taxonomy":"post_tag","embeddable":true,"href":"https:\/\/pdt-rj.org.br\/index.php\/wp-json\/wp\/v2\/tags?post=64837"}],"curies":[{"name":"wp","href":"https:\/\/api.w.org\/{rel}","templated":true}]}}