{"id":64804,"date":"2019-05-28T16:47:21","date_gmt":"2019-05-28T19:47:21","guid":{"rendered":"http:\/\/pdt-rj.org.br\/?p=64804"},"modified":"2019-06-06T16:03:52","modified_gmt":"2019-06-06T19:03:52","slug":"jairo-jorge-jango-amava-a-democracia-amava-o-brasil","status":"publish","type":"post","link":"https:\/\/pdt-rj.org.br\/index.php\/jairo-jorge-jango-amava-a-democracia-amava-o-brasil\/","title":{"rendered":"Jairo Jorge: \u201cJango amava a democracia, amava o Brasil&#8221;"},"content":{"rendered":"<p>Ex-prefeito da cidade ga\u00facha de Canoas, o jornalista Jairo Jorge conheceu o presidente Jo\u00e3o Goulart, na medida em que estudou hist\u00f3ria para entender politicamente o Brasil e a imagem de Jango que ficou para ele como presidente deposto, que foi um grande democrata, ligado \u00e0s origens do trabalhismo. Esta \u00e9 uma convic\u00e7\u00e3o adquirida, ao mergulhar na hist\u00f3ria, que desfaz completamente a vers\u00e3o da direita de que Jango foi um homem vacilante. <\/p>\n<p>Na medida em que estudou e foi conhecendo melhor Jango, a sua admira\u00e7\u00e3o pelo presidente trabalhista cresceu: \u201cConsidero-o um dos grandes her\u00f3is de nossa Na\u00e7\u00e3o\u201d. E explica o por qu\u00ea: \u201cO presidente Jo\u00e3o Goulart foi um humanista; um homem que amou o Brasil acima de qualquer coisa; homem despojado, que acreditava na democracia e era democrata por ess\u00eancia\u201d.<\/p>\n<p>A campanha da Legalidade pela posse de Jango \u2013 movimento nacional liderado por Leonel Brizola, a partir do Rio Grande do Sul \u2013 \u201cfoi a grande afirma\u00e7\u00e3o da democracia brasileira, um grande momento da Na\u00e7\u00e3o na defesa do estado democr\u00e1tico de direito e, ao mesmo tempo, de afirma\u00e7\u00e3o de nossa soberania\u201d. <\/p>\n<p>As reformas de base de Jango, na opini\u00e3o de Jairo Jorge, \u201cs\u00e3o absolutamente atuais\u201d e necess\u00e1rias, porque ainda n\u00e3o foram feitas apesar de serem fundamentais. \u201cO Brasil precisa at\u00e9 hoje das reformas tribut\u00e1ria, pol\u00edtica, urbana e educacional, al\u00e9m da agr\u00e1ria \u2013 pela qual ele tanto se empenhou\u201d, argumentou. <\/p>\n<p>A agenda de Jango era reformista e transformadora para colocar o Brasil  no caminho correto, dando nele um choque de civilidade e humanismo.<\/p>\n<p>\u201c\u00c9 claro que esta agenda estava na contram\u00e3o de outros interesses que acabaram sendo predominantes: interesses que procuravam atrelar o Brasil\u201d, disse, explicando  que Jango tentou construir o centro pol\u00edtico, mas n\u00e3o conseguiu por conta da polariza\u00e7\u00e3o na \u00e9poca entre direita e esquerda. \u201cEle estava absolutamente certo quando tentou construir um centro democr\u00e1tico\u201d, caminho que at\u00e9 hoje os brasileiros anseiam.<\/p>\n<p>\u201cJango estava \u00e0 frente do seu tempo ao defender bandeiras atuais e necess\u00e1rias que o Brasil de hoje, do s\u00e9culo 21, precisa recolocar na sua agenda: reformas estruturantes; reformas de base\u201d, complementou.<\/p>\n<p>Ao definir o governo Jango como \u201creformista, democr\u00e1tico e transformador, que defendia o Brasil\u201d, Jairo Jorge destacou: \u201cJo\u00e3o Goulart era um democrata, homem de di\u00e1logo; um homem que amava o povo. Ele foi o primeiro ministro do trabalho que chamou os trabalhadores para dentro do minist\u00e9rio. Ele era um homem que tinha paci\u00eancia de ouvir o povo e isto ele levou para dentro da Presid\u00eancia da Rep\u00fablica\u201d.<\/p>\n<p>J\u00e1 os vencedores de 64, intolerantes, tentaram subverter este fato, acusando-o de ser incapaz de tomar decis\u00f5es. \u201cAo contr\u00e1rio, o presidente Jo\u00e3o Goulart foi um homem de decis\u00f5es. E de decis\u00f5es a favor daqueles que mais precisavam: os mais humildes \u2013 a quem ele respeitava; a quem ouvia; a quem ele sempre teve a sensibilidade de procurar conhecer desde as sua origens em S\u00e3o Borja\u201d. <\/p>\n<p>Jairo Jorge frisou: \u201cPor isto seu governo orgulha os brasileiros, apesar de abreviado, interrompido\u201d.<br \/> Jo\u00e3o Goulart morreu no ex\u00edlio porque seu governo \u201colhou para o povo, foi democr\u00e1tico, fez a diferen\u00e7a\u201d. Diferen\u00e7a importante \u2013 ainda mais nos dias de hoje, acrescentou &#8211; pelo fato da democracia estar novamente sob amea\u00e7a  \u201caqui e no mundo\u201d. <\/p>\n<p>Na sua opini\u00e3o, por isto,  \u00e9 importante olhar o passado, olhar para a Hist\u00f3ria, principalmente para os momentos em que a democracia foi afetada. Jairo Jorge entende que n\u00e3o podem ser esquecidos os tempos do fascismo e do nazismo e do surgimento, aqui na Am\u00e9rica Latina, de ditaduras que levaram v\u00e1rios pa\u00edses \u00e0s trevas da repress\u00e3o. \u201c\u00c9 importante que os jovens saibam que o que fazemos agora [este depoimento] era imposs\u00edvel\u201d. <\/p>\n<p>Ditadura, na sua vis\u00e3o, n\u00e3o \u00e9 modelo para o Brasil nem para nenhuma na\u00e7\u00e3o, porque a democracia \u201c\u00e9 o rem\u00e9dio para a democracia\u201d. Lembrou que as ditaduras militares ceifaram uma gera\u00e7\u00e3o n\u00e3o s\u00f3 no Brasil, como na Argentina, no Uruguai, no Chile \u2013 e praticamente em toda Am\u00e9rica Latina. E Jango, por defender o Brasil, foi alijado do poder e teve que partir para o ex\u00edlio com sua fam\u00edlia.<\/p>\n<p>\u201cN\u00e3o podemos esquecer o que aconteceu para n\u00e3o repetir erros como o dos que foram \u00e0s ruas na \u00e9poca para defender a ditadura\u201d.<br \/>  E, como exemplo, citou Carlos Lacerda, ferrenho opositor do Trabalhismo:<\/p>\n<p>\u201cCarlos Lacerda atacava o governo leg\u00edtimo de Jo\u00e3o Goulart, como atacara o de Get\u00falio Vargas; atacava Leonel Brizola. E o que aconteceu? Ele foi v\u00edtima exatamente do regime que gerou: da ditadura. Foi cassado e tamb\u00e9m morreu \u2013 assim como Juscelino Kubitschek; assim como Jo\u00e3o Goulart \u2013 de forma suspeita\u201d.<\/p>\n<p>Destacou tamb\u00e9m que Jango, no governo, defendia a soberania nacional, \u201cque n\u00e3o \u00e9 dizer am\u00e9m, bater contin\u00eancia para os interesses de outros pa\u00edses\u201d. Soberania \u00e9 essencial, \u201cmas hoje tem muita gente que n\u00e3o entende isto. Se n\u00e3o tivermos capacidade para pensar a soberania, n\u00e3o teremos futuro\u201d.<\/p>\n<p>Usou como exemplo o caminho em que o Brasil estava trilhando antes de Michel Temer assumir, atrav\u00e9s do BRICS e de suas rela\u00e7\u00f5es com a China, R\u00fassia, \u00cdndia e \u00c1frica do Sul &#8211; antes da deposi\u00e7\u00e3o da presidente Dilma: \u201cBuscava-se a afirma\u00e7\u00e3o desta soberania no Governo Jo\u00e3o Goulart\u201d,  comparou.<\/p>\n<p>\u201cEsta bandeira n\u00e3o pode ser perdida, n\u00e3o pode ser esquecida; \u00e9 algo que tem que estar no cora\u00e7\u00e3o, principalmente, dos jovens e daqueles que ainda t\u00eam esperan\u00e7a\u201d, destacou.<\/p>\n<p>Ao falar sobre o ser humano Goulart, Jairo Jorge disse que pelo que ele p\u00f4de ler, estudar e conhecer de Jango \u2013 l\u00edder que o intrigava \u2013, \u201cele era pessoa absolutamente sens\u00edvel, inteligente, competente, homem que admirava os mais humildes\u201d. <\/p>\n<p>\u201cJango, \u00e0 mesa, n\u00e3o se colocava acima das pessoas, mas de igual para igual. Isto \u00e9 um dom. S\u00e3o caracter\u00edsticas de sua origem humilde, campeira; de pessoa da regi\u00e3o das Miss\u00f5es, de S\u00e3o Borja\u201d.<\/p>\n<p>E concluiu: \u201cEle mostrou isto ao Brasil e esta \u00e9 a sua grande marca: Jango foi um democrata radical; homem que amava a Democracia, que amava o Brasil\u201d.<\/p>\n<p>Confira a entrevista completa abaixo:<\/p>\n<figure class=\"wp-block-embed-youtube wp-block-embed is-type-video is-provider-youtube wp-embed-aspect-16-9 wp-has-aspect-ratio\">\n<div class=\"wp-block-embed__wrapper\">\n<iframe loading=\"lazy\" title=\"JAIRO JORGE: \u201cJANGO AMAVA A DEMOCRACIA, AMAVA O BRASIL\u201d.\" width=\"640\" height=\"360\" src=\"https:\/\/www.youtube.com\/embed\/uqAtdVZBe8g?feature=oembed\" frameborder=\"0\" allow=\"accelerometer; autoplay; clipboard-write; encrypted-media; gyroscope; picture-in-picture; web-share\" referrerpolicy=\"strict-origin-when-cross-origin\" allowfullscreen><\/iframe>\n<\/div>\n<\/figure>\n<!-- AddThis Advanced Settings generic via filter on the_content --><!-- AddThis Share Buttons generic via filter on the_content -->","protected":false},"excerpt":{"rendered":"<p>Ex-prefeito da cidade ga\u00facha de Canoas, o jornalista Jairo Jorge conheceu o presidente Jo\u00e3o Goulart, na medida em que estudou hist\u00f3ria para entender politicamente o Brasil e a imagem de Jango que ficou para ele como presidente deposto, que foi um grande democrata, ligado \u00e0s origens do trabalhismo. Esta \u00e9 uma convic\u00e7\u00e3o adquirida, ao mergulhar&#8230;<!-- AddThis Advanced Settings generic via filter on wp_trim_excerpt --><!-- AddThis Share Buttons generic via filter on wp_trim_excerpt --><\/p>\n","protected":false},"author":17,"featured_media":64831,"comment_status":"closed","ping_status":"closed","sticky":false,"template":"","format":"standard","meta":{"_monsterinsights_skip_tracking":false,"_monsterinsights_sitenote_active":false,"_monsterinsights_sitenote_note":"","_monsterinsights_sitenote_category":0,"_uf_show_specific_survey":0,"_uf_disable_surveys":false,"footnotes":""},"categories":[1390,3230],"tags":[],"class_list":["post-64804","post","type-post","status-publish","format-standard","has-post-thumbnail","hentry","category-editorias","category-centenario-de-jango"],"acf":[],"_links":{"self":[{"href":"https:\/\/pdt-rj.org.br\/index.php\/wp-json\/wp\/v2\/posts\/64804","targetHints":{"allow":["GET"]}}],"collection":[{"href":"https:\/\/pdt-rj.org.br\/index.php\/wp-json\/wp\/v2\/posts"}],"about":[{"href":"https:\/\/pdt-rj.org.br\/index.php\/wp-json\/wp\/v2\/types\/post"}],"author":[{"embeddable":true,"href":"https:\/\/pdt-rj.org.br\/index.php\/wp-json\/wp\/v2\/users\/17"}],"replies":[{"embeddable":true,"href":"https:\/\/pdt-rj.org.br\/index.php\/wp-json\/wp\/v2\/comments?post=64804"}],"version-history":[{"count":7,"href":"https:\/\/pdt-rj.org.br\/index.php\/wp-json\/wp\/v2\/posts\/64804\/revisions"}],"predecessor-version":[{"id":65894,"href":"https:\/\/pdt-rj.org.br\/index.php\/wp-json\/wp\/v2\/posts\/64804\/revisions\/65894"}],"wp:featuredmedia":[{"embeddable":true,"href":"https:\/\/pdt-rj.org.br\/index.php\/wp-json\/wp\/v2\/media\/64831"}],"wp:attachment":[{"href":"https:\/\/pdt-rj.org.br\/index.php\/wp-json\/wp\/v2\/media?parent=64804"}],"wp:term":[{"taxonomy":"category","embeddable":true,"href":"https:\/\/pdt-rj.org.br\/index.php\/wp-json\/wp\/v2\/categories?post=64804"},{"taxonomy":"post_tag","embeddable":true,"href":"https:\/\/pdt-rj.org.br\/index.php\/wp-json\/wp\/v2\/tags?post=64804"}],"curies":[{"name":"wp","href":"https:\/\/api.w.org\/{rel}","templated":true}]}}