{"id":64752,"date":"2019-05-22T16:08:04","date_gmt":"2019-05-22T19:08:04","guid":{"rendered":"http:\/\/pdt-rj.org.br\/?p=64752"},"modified":"2019-05-22T16:54:42","modified_gmt":"2019-05-22T19:54:42","slug":"avanca-no-senado-projeto-que-criminaliza-a-homofobia","status":"publish","type":"post","link":"https:\/\/pdt-rj.org.br\/index.php\/avanca-no-senado-projeto-que-criminaliza-a-homofobia\/","title":{"rendered":"Avan\u00e7a no Senado projeto que criminaliza a homofobia"},"content":{"rendered":"<p>A Comiss\u00e3o de Constitui\u00e7\u00e3o, Justi\u00e7a e Cidadania (CCJ) do Senado aprovou, nesta quarta-feira (22), o Projeto de Lei (PL) 672\/2019 que criminaliza a discrimina\u00e7\u00e3o, a intoler\u00e2ncia e o preconceito por sexo, orienta\u00e7\u00e3o sexual ou identidade de g\u00eanero. A proposta \u00e9 de autoria do senador Weverton (PDT-MA), com emendas do relator, senador Alessandro Vieira (Cidadania-SE). <\/p>\n<p>Pelo texto, aprovado, passa a ser considerado crime n\u00e3o s\u00f3 o preconceito e a discrimina\u00e7\u00e3o, como a intoler\u00e2ncia, a obstru\u00e7\u00e3o ao crescimento funcional, a proibi\u00e7\u00e3o de acesso e a demonstra\u00e7\u00e3o razo\u00e1vel de afeto em locais p\u00fablicos, ressalvados os templos religiosos.<\/p>\n<p>\u201c\u00c9 um projeto de extrema import\u00e2ncia, que n\u00e3o d\u00e1 para jogar debaixo do tapete. S\u00e3o pessoas, s\u00e3o vidas que est\u00e3o sendo perdidas. A cada hora, n\u00f3s temos v\u00e1rios casos de agress\u00e3o e de assassinato que n\u00e3o podem mais ser permitidos e tolerados pela sociedade\u201d, defendeu Weverton, para quem a criminaliza\u00e7\u00e3o \u00e9 o caminho certo para reduzir a viol\u00eancia.<\/p>\n<p>Para o presidente nacional do PDT, Carlos Lupi, al\u00e9m de representar um grande avan\u00e7o contra o preconceito de g\u00eanero no Pa\u00eds, o projeto do senador segue a linha ideol\u00f3gica do partido, historicamente comprometido com a defesa dos direitos humanos.<\/p>\n<p>&#8220;O PDT \u00e9 um partido que sempre esteve do lado das minorias,  na luta pela defesa e garantia de seus direitos. Em todos os per\u00edodos importantes deste Pa\u00eds, nos posicionamos de acordo com as nossas bandeiras. N\u00e3o seria agora, quando atravessando dias t\u00e3o sens\u00edveis, nos quais o \u00f3dio e o preconceito t\u00eam ganhado cada vez mais for\u00e7a nas ruas e nas rela\u00e7\u00f5es, que ir\u00edamos nos eximir da nossa responsabilidade, deixando de, mais uma vez, assumir o protagonismo na defesa do direito \u00e0 vida e \u00e0 liberdade da popula\u00e7\u00e3o LGBTI&#8221;.<\/p>\n<p>De acordo com dados divulgados pela Organiza\u00e7\u00e3o das Na\u00e7\u00f5es Unidas (ONU), de todos os atentados aos cidad\u00e3os LGBTI no mundo, 54% deles s\u00e3o no Brasil, \u00edndice que classifica o Pa\u00eds em primeiro lugar na viola\u00e7\u00e3o do direito \u00e0 vida da popula\u00e7\u00e3o LGBTI, com a estimativa de um assassinato a cada 26 horas.<\/p>\n<p>O projeto, apresentado por solicita\u00e7\u00e3o do <a href=\"http:\/\/pdt-rj.org.br\/index.php\/category\/movimentos\/diversidade\/\"><strong>PDT Diversidade<\/strong><\/a>, foi batizado de Lei Dandara, em homenagem \u00e0 travesti Dandara Kettley que foi cruelmente espancada e assassinada a tiros no Cear\u00e1, em 2017.<\/p>\n<p><strong>STF<\/strong><br \/> A vota\u00e7\u00e3o do projeto vem no momento da an\u00e1lise do assunto pelo Supremo Tribunal Federal (STF). O ministro Celso de Mello votou para que as pr\u00e1ticas de homofobia e transfobia sejam equiparadas ao crime de racismo. Assim, esse tipo de crime passa a ser inafian\u00e7\u00e1vel e imprescrit\u00edvel, com pena de um a tr\u00eas anos de pris\u00e3o. O STF ainda precisa concluir a vota\u00e7\u00e3o.<br \/> Para Weverton, a vota\u00e7\u00e3o de hoje \u00e9 importante para mostrar que n\u00e3o existe omiss\u00e3o do Congresso Nacional sobre o tema.<\/p>\n<p>\u201c\u00c9 importante que o presidente do Senado, Davi Alcolumbre (DEM-AP), converse com o Supremo para tirar este item da pauta. Como o Senado est\u00e1 fazendo o seu papel, e temos certeza que a C\u00e2mara tamb\u00e9m enfrentar\u00e1 este problema, n\u00f3s temos a oportunidade de tratar o assunto no lugar que tem que ser tratado que \u00e9 aqui na Casa Legislativa\u201d, disse Weverton.<br \/> A presidente da CCJ, Simone Tebet (MDB-MS), elogiou a proposta do senador.<\/p>\n<p>\u201cQuero parabeniz\u00e1-lo pela iniciativa do projeto. Vou entrar em contato com o presidente Davi. Caberia um gesto junto ao STF para que pudesse aguardar o t\u00e9rmino deste projeto, seja na C\u00e2mara ou no Senado, para evitarmos aquilo que constantemente estamos dizendo sobre o ativismo judicial que, em uma democracia forte, n\u00e3o deve nunca se fazer presente\u201d, ressaltou a senadora.<\/p>\n<!-- AddThis Advanced Settings generic via filter on the_content --><!-- AddThis Share Buttons generic via filter on the_content -->","protected":false},"excerpt":{"rendered":"<p>A Comiss\u00e3o de Constitui\u00e7\u00e3o, Justi\u00e7a e Cidadania (CCJ) do Senado aprovou, nesta quarta-feira (22), o Projeto de Lei (PL) 672\/2019 que criminaliza a discrimina\u00e7\u00e3o, a intoler\u00e2ncia e o preconceito por sexo, orienta\u00e7\u00e3o sexual ou identidade de g\u00eanero. A proposta \u00e9 de autoria do senador Weverton (PDT-MA), com emendas do relator, senador Alessandro Vieira (Cidadania-SE). Pelo&#8230;<!-- AddThis Advanced Settings generic via filter on wp_trim_excerpt --><!-- AddThis Share Buttons generic via filter on wp_trim_excerpt --><\/p>\n","protected":false},"author":17,"featured_media":64779,"comment_status":"closed","ping_status":"closed","sticky":false,"template":"","format":"standard","meta":{"_monsterinsights_skip_tracking":false,"_monsterinsights_sitenote_active":false,"_monsterinsights_sitenote_note":"","_monsterinsights_sitenote_category":0,"_uf_show_specific_survey":0,"_uf_disable_surveys":false,"footnotes":""},"categories":[1459,1397,976,1912],"tags":[],"class_list":["post-64752","post","type-post","status-publish","format-standard","has-post-thumbnail","hentry","category-congresso","category-movimentos","category-noticias-em-destaque","category-diversidade"],"acf":[],"_links":{"self":[{"href":"https:\/\/pdt-rj.org.br\/index.php\/wp-json\/wp\/v2\/posts\/64752","targetHints":{"allow":["GET"]}}],"collection":[{"href":"https:\/\/pdt-rj.org.br\/index.php\/wp-json\/wp\/v2\/posts"}],"about":[{"href":"https:\/\/pdt-rj.org.br\/index.php\/wp-json\/wp\/v2\/types\/post"}],"author":[{"embeddable":true,"href":"https:\/\/pdt-rj.org.br\/index.php\/wp-json\/wp\/v2\/users\/17"}],"replies":[{"embeddable":true,"href":"https:\/\/pdt-rj.org.br\/index.php\/wp-json\/wp\/v2\/comments?post=64752"}],"version-history":[{"count":21,"href":"https:\/\/pdt-rj.org.br\/index.php\/wp-json\/wp\/v2\/posts\/64752\/revisions"}],"predecessor-version":[{"id":64781,"href":"https:\/\/pdt-rj.org.br\/index.php\/wp-json\/wp\/v2\/posts\/64752\/revisions\/64781"}],"wp:featuredmedia":[{"embeddable":true,"href":"https:\/\/pdt-rj.org.br\/index.php\/wp-json\/wp\/v2\/media\/64779"}],"wp:attachment":[{"href":"https:\/\/pdt-rj.org.br\/index.php\/wp-json\/wp\/v2\/media?parent=64752"}],"wp:term":[{"taxonomy":"category","embeddable":true,"href":"https:\/\/pdt-rj.org.br\/index.php\/wp-json\/wp\/v2\/categories?post=64752"},{"taxonomy":"post_tag","embeddable":true,"href":"https:\/\/pdt-rj.org.br\/index.php\/wp-json\/wp\/v2\/tags?post=64752"}],"curies":[{"name":"wp","href":"https:\/\/api.w.org\/{rel}","templated":true}]}}