{"id":64744,"date":"2019-05-22T15:58:10","date_gmt":"2019-05-22T18:58:10","guid":{"rendered":"http:\/\/pdt-rj.org.br\/?p=64744"},"modified":"2019-05-31T15:27:34","modified_gmt":"2019-05-31T18:27:34","slug":"sergio-vidigal-convoca-audiencia-sobre-contingenciamento-nas-universidades","status":"publish","type":"post","link":"https:\/\/pdt-rj.org.br\/index.php\/sergio-vidigal-convoca-audiencia-sobre-contingenciamento-nas-universidades\/","title":{"rendered":"S\u00e9rgio Vidigal convoca audi\u00eancia sobre contingenciamento nas universidades"},"content":{"rendered":"<p>Membro da Comiss\u00e3o Externa de Acompanhamento dos Trabalhos do Minist\u00e9rio da Educa\u00e7\u00e3o, o deputado federal S\u00e9rgio Vidigal (PDT-ES) conseguiu a aprova\u00e7\u00e3o de audi\u00eancia p\u00fablica para debater o contingenciamento dos recursos das universidades brasileiras e dos institutos federais de ensino e sua consequ\u00eancia.<\/p>\n<p>Sendo assim, S\u00e9rgio Vidigal comenta que os bloqueios de or\u00e7amento da educa\u00e7\u00e3o t\u00eam um impacto desigual nas institui\u00e7\u00f5es federais.<\/p>\n<p>De acordo com Vidigal, apesar de a defini\u00e7\u00e3o do Minist\u00e9rio da Educa\u00e7\u00e3o (MEC) indicar um corte linear de 30%, em 37 das 68 institui\u00e7\u00f5es federais, o congelamento supera esse percentual. Assim, podendo chegar, em alguns casos, a \u00edndices superiores a 50%.<\/p>\n<p>\u201cO Parlamento tem o compromisso de assegurar o respeito e a valoriza\u00e7\u00e3o das universidades federais e garantir a defesa do ensino p\u00fablico e de qualidade. Dessa forma, vamos unir for\u00e7as com as demais institui\u00e7\u00f5es que possuem um papel importante na educa\u00e7\u00e3o no Brasil\u201d, disse.<\/p>\n<p>Convidados<\/p>\n<p>Logo, para a audi\u00eancia, est\u00e1 convidado o Presidente da Associa\u00e7\u00e3o dos Dirigentes das Institui\u00e7\u00f5es do Ensino Superior (Andifes), Ronaldo Contoducatte, que tamb\u00e9m \u00e9 reitor da Universidade Federal do Esp\u00edrito Santo (Ufes).<\/p>\n<p>Do mesmo modo, foi solicitada a presen\u00e7a do Presidente do Conselho de Reitores das Universidades Brasileiras (CRUB), Benedito Guimar\u00e3es Aguiar Neto.<\/p>\n<p>A data da audi\u00eancia ainda ser\u00e1 definida.<\/p>\n<p>Comiss\u00e3o<\/p>\n<p>A Comiss\u00e3o Externa do Minist\u00e9rio da Educa\u00e7\u00e3o \u00e9 destinada a acompanhar o desenvolvimento dos trabalhos do Minist\u00e9rio da Educa\u00e7\u00e3o, bem como da apresenta\u00e7\u00e3o do seu Planejamento Estrat\u00e9gico.<\/p>\n<p>Ent\u00e3o, durante a sess\u00e3o desta ter\u00e7a-feira (21), S\u00e9rgio Vidigal reiterou sua defesa pela educa\u00e7\u00e3o.<\/p>\n<p>\u201cQuero parabenizar a iniciativa da implanta\u00e7\u00e3o dessa comiss\u00e3o em um momento t\u00e3o importante do debate da educa\u00e7\u00e3o no pa\u00eds como um todo\u201d, disse.<\/p>\n<p>E completou: \u201cPortanto, sa\u00fade e educa\u00e7\u00e3o s\u00e3o os setores que t\u00eam que estar preservados em qualquer gest\u00e3o p\u00fablica.\u201d<\/p>\n<p>Contingenciamento<\/p>\n<p>O Minist\u00e9rio da Educa\u00e7\u00e3o bloqueou, no final de abril, uma parte do or\u00e7amento das 63 universidades e dos 38 institutos federais de ensino.<\/p>\n<p>Deste modo, o corte, segundo o governo, foi aplicado sobre gastos n\u00e3o obrigat\u00f3rios, como \u00e1gua, luz, terceirizados, obras, equipamentos e realiza\u00e7\u00e3o de pesquisas.<\/p>\n<p>Mas, despesas obrigat\u00f3rias, como assist\u00eancia estudantil e pagamento de sal\u00e1rios e aposentadorias, n\u00e3o foram afetadas.<\/p>\n<p>No total, considerando todas as universidades, o corte \u00e9 de R$ 1,7 bilh\u00e3o, o que representa 24,84% dos gastos n\u00e3o obrigat\u00f3rios (chamados de discricion\u00e1rios) e 3,43% do or\u00e7amento total das federais.<\/p>\n<p>Defesa<br \/>\nAdemais, Vidigal tem acompanhado de perto o an\u00fancio do contingenciamento em Universidades e Institutos Federais.<\/p>\n<p>Em reuni\u00e3o, no \u00faltimo dia 9, o deputado cobrou do Ministro da Educa\u00e7\u00e3o, Abraham Weintraub, explica\u00e7\u00f5es quanto ao contingenciamento de recursos para aquelas institui\u00e7\u00f5es.<\/p>\n<p>Essa reuni\u00e3o foi originada a partir de sugest\u00e3o do pedetista, durante audi\u00eancia com os parlamentares capixabas.<\/p>\n<!-- AddThis Advanced Settings generic via filter on the_content --><!-- AddThis Share Buttons generic via filter on the_content -->","protected":false},"excerpt":{"rendered":"<p>Membro da Comiss\u00e3o Externa de Acompanhamento dos Trabalhos do Minist\u00e9rio da Educa\u00e7\u00e3o, o deputado federal S\u00e9rgio Vidigal (PDT-ES) conseguiu a aprova\u00e7\u00e3o de audi\u00eancia p\u00fablica para debater o contingenciamento dos recursos das universidades brasileiras e dos institutos federais de ensino e sua consequ\u00eancia. Sendo assim, S\u00e9rgio Vidigal comenta que os bloqueios de or\u00e7amento da educa\u00e7\u00e3o t\u00eam&#8230;<!-- AddThis Advanced Settings generic via filter on wp_trim_excerpt --><!-- AddThis Share Buttons generic via filter on wp_trim_excerpt --><\/p>\n","protected":false},"author":17,"featured_media":64748,"comment_status":"closed","ping_status":"closed","sticky":false,"template":"","format":"standard","meta":{"_monsterinsights_skip_tracking":false,"_monsterinsights_sitenote_active":false,"_monsterinsights_sitenote_note":"","_monsterinsights_sitenote_category":0,"_uf_show_specific_survey":0,"_uf_disable_surveys":false,"footnotes":""},"categories":[1390,1459],"tags":[],"class_list":["post-64744","post","type-post","status-publish","format-standard","has-post-thumbnail","hentry","category-editorias","category-congresso"],"acf":[],"_links":{"self":[{"href":"https:\/\/pdt-rj.org.br\/index.php\/wp-json\/wp\/v2\/posts\/64744","targetHints":{"allow":["GET"]}}],"collection":[{"href":"https:\/\/pdt-rj.org.br\/index.php\/wp-json\/wp\/v2\/posts"}],"about":[{"href":"https:\/\/pdt-rj.org.br\/index.php\/wp-json\/wp\/v2\/types\/post"}],"author":[{"embeddable":true,"href":"https:\/\/pdt-rj.org.br\/index.php\/wp-json\/wp\/v2\/users\/17"}],"replies":[{"embeddable":true,"href":"https:\/\/pdt-rj.org.br\/index.php\/wp-json\/wp\/v2\/comments?post=64744"}],"version-history":[{"count":5,"href":"https:\/\/pdt-rj.org.br\/index.php\/wp-json\/wp\/v2\/posts\/64744\/revisions"}],"predecessor-version":[{"id":65602,"href":"https:\/\/pdt-rj.org.br\/index.php\/wp-json\/wp\/v2\/posts\/64744\/revisions\/65602"}],"wp:featuredmedia":[{"embeddable":true,"href":"https:\/\/pdt-rj.org.br\/index.php\/wp-json\/wp\/v2\/media\/64748"}],"wp:attachment":[{"href":"https:\/\/pdt-rj.org.br\/index.php\/wp-json\/wp\/v2\/media?parent=64744"}],"wp:term":[{"taxonomy":"category","embeddable":true,"href":"https:\/\/pdt-rj.org.br\/index.php\/wp-json\/wp\/v2\/categories?post=64744"},{"taxonomy":"post_tag","embeddable":true,"href":"https:\/\/pdt-rj.org.br\/index.php\/wp-json\/wp\/v2\/tags?post=64744"}],"curies":[{"name":"wp","href":"https:\/\/api.w.org\/{rel}","templated":true}]}}