{"id":64693,"date":"2019-05-22T13:05:45","date_gmt":"2019-05-22T16:05:45","guid":{"rendered":"http:\/\/pdt-rj.org.br\/?p=64693"},"modified":"2019-06-06T16:06:09","modified_gmt":"2019-06-06T19:06:09","slug":"com-joao-goulart-o-brasil-teria-soberania-com-desenvolvimento","status":"publish","type":"post","link":"https:\/\/pdt-rj.org.br\/index.php\/com-joao-goulart-o-brasil-teria-soberania-com-desenvolvimento\/","title":{"rendered":"\u201cJango tinha capacidade para fazer o que n\u00f3s queremos: soberania com desenvolvimento&#8221;"},"content":{"rendered":"<p>As lembran\u00e7as de Airton Dipp, ex-presidente do PDT ga\u00facho e ex-deputado federal, sobre o presidente Jo\u00e3o Goulart vieram atrav\u00e9s de relatos de seu pai, Daniel Dipp, que foi companheiro de bancada de Jango na C\u00e2mara dos Deputados, na d\u00e9cada de 50: \u201cEle sempre dizia que Jango era uma pessoa muito sens\u00edvel socialmente\u201d e agregador \u2013 que sonhava com melhorias sociais e econ\u00f4micas para o Brasil. Por isto defendia as reformas de base, que foram suprimidas pelo golpe militar.<\/p>\n<p>Infelizmente \u2013 esta \u00e9 a sua compreens\u00e3o \u2013 interesses internacionais n\u00e3o permitiram que o Brasil avan\u00e7asse com Jango, porque \u201cSe n\u00e3o tivesse acontecido o golpe de 64, o Brasil de hoje seria mais justo e estaria muito melhor, em termos econ\u00f4micos e sociais\u201d. E este processo de domina\u00e7\u00e3o externa n\u00e3o acabou: \u201cInfelizmente o que aconteceu em 1964 se repetiu, agora, de forma mais suave, mais envolvente\u201d, pois afeta todas as institui\u00e7\u00f5es representativas do pa\u00eds. <\/p>\n<p>Para Airton Dipp, Jango estava muito \u00e0 frente do seu tempo, porque as reformas de base que pregava \u201cdariam condi\u00e7\u00f5es de desenvolvimento e conscientiza\u00e7\u00e3o a todos os brasileiros para os avan\u00e7os que n\u00f3s quer\u00edamos\u201d.<\/p>\n<p>Elas permitiriam que o Brasil, com soberania, se desenvolvesse e trouxesse, como resultante, oportunidades para todo o povo; ao contr\u00e1rio do ocorre com crescimento econ\u00f4mico a partir de investimentos internacionais e privatiza\u00e7\u00f5es do patrim\u00f4nio p\u00fablico. <\/p>\n<p>\u201cSe n\u00e3o tivesse ocorrido o golpe de 64, o Brasil de hoje n\u00e3o somente seria uma grande Na\u00e7\u00e3o por esta dimens\u00e3o continental que tem, mas teria tamb\u00e9m uma dimens\u00e3o econ\u00f4mica e social nos mesmos patamares dos pa\u00edses mais desenvolvidos\u201d do mundo de hoje.<\/p>\n<p>A deposi\u00e7\u00e3o de Jango levou o Brasil \u201ca um per\u00edodo duro, triste para a Hist\u00f3ria brasileira, que nos levou a um atraso significativo de desenvolvimento\u201d, afirmou; acrescentando: \u201cSem soberania n\u00e3o h\u00e1 crescimento de forma integrada \u2013 receberemos sempre migalhas dos interesses internacionais\u201d que atuam no Brasil. <\/p>\n<p>E concluiu: <br \/> \u2013 \u201cJango tinha capacidade e responsabilidade para fazer o que todos n\u00f3s queremos: soberania com desenvolvimento. Perdemos com a sua deposi\u00e7\u00e3o\u201d. <\/p>\n<p>Confira a entrevista completa abaixo:<\/p>\n<figure class=\"wp-block-embed-youtube wp-block-embed is-type-video is-provider-youtube wp-embed-aspect-16-9 wp-has-aspect-ratio\">\n<div class=\"wp-block-embed__wrapper\">\n<iframe loading=\"lazy\" title=\"AIRTON DIPP: \u201cCom Jango o Brasil teria soberania com desenvolvimento\u201d.\" width=\"640\" height=\"360\" src=\"https:\/\/www.youtube.com\/embed\/uRF-fCmMnnU?feature=oembed\" frameborder=\"0\" allow=\"accelerometer; autoplay; clipboard-write; encrypted-media; gyroscope; picture-in-picture; web-share\" referrerpolicy=\"strict-origin-when-cross-origin\" allowfullscreen><\/iframe>\n<\/div>\n<\/figure>\n<!-- AddThis Advanced Settings generic via filter on the_content --><!-- AddThis Share Buttons generic via filter on the_content -->","protected":false},"excerpt":{"rendered":"<p>As lembran\u00e7as de Airton Dipp, ex-presidente do PDT ga\u00facho e ex-deputado federal, sobre o presidente Jo\u00e3o Goulart vieram atrav\u00e9s de relatos de seu pai, Daniel Dipp, que foi companheiro de bancada de Jango na C\u00e2mara dos Deputados, na d\u00e9cada de 50: \u201cEle sempre dizia que Jango era uma pessoa muito sens\u00edvel socialmente\u201d e agregador \u2013&#8230;<!-- AddThis Advanced Settings generic via filter on wp_trim_excerpt --><!-- AddThis Share Buttons generic via filter on wp_trim_excerpt --><\/p>\n","protected":false},"author":17,"featured_media":64739,"comment_status":"closed","ping_status":"closed","sticky":false,"template":"","format":"standard","meta":{"_monsterinsights_skip_tracking":false,"_monsterinsights_sitenote_active":false,"_monsterinsights_sitenote_note":"","_monsterinsights_sitenote_category":0,"_uf_show_specific_survey":0,"_uf_disable_surveys":false,"footnotes":""},"categories":[1390,3230],"tags":[],"class_list":["post-64693","post","type-post","status-publish","format-standard","has-post-thumbnail","hentry","category-editorias","category-centenario-de-jango"],"acf":[],"_links":{"self":[{"href":"https:\/\/pdt-rj.org.br\/index.php\/wp-json\/wp\/v2\/posts\/64693","targetHints":{"allow":["GET"]}}],"collection":[{"href":"https:\/\/pdt-rj.org.br\/index.php\/wp-json\/wp\/v2\/posts"}],"about":[{"href":"https:\/\/pdt-rj.org.br\/index.php\/wp-json\/wp\/v2\/types\/post"}],"author":[{"embeddable":true,"href":"https:\/\/pdt-rj.org.br\/index.php\/wp-json\/wp\/v2\/users\/17"}],"replies":[{"embeddable":true,"href":"https:\/\/pdt-rj.org.br\/index.php\/wp-json\/wp\/v2\/comments?post=64693"}],"version-history":[{"count":7,"href":"https:\/\/pdt-rj.org.br\/index.php\/wp-json\/wp\/v2\/posts\/64693\/revisions"}],"predecessor-version":[{"id":65895,"href":"https:\/\/pdt-rj.org.br\/index.php\/wp-json\/wp\/v2\/posts\/64693\/revisions\/65895"}],"wp:featuredmedia":[{"embeddable":true,"href":"https:\/\/pdt-rj.org.br\/index.php\/wp-json\/wp\/v2\/media\/64739"}],"wp:attachment":[{"href":"https:\/\/pdt-rj.org.br\/index.php\/wp-json\/wp\/v2\/media?parent=64693"}],"wp:term":[{"taxonomy":"category","embeddable":true,"href":"https:\/\/pdt-rj.org.br\/index.php\/wp-json\/wp\/v2\/categories?post=64693"},{"taxonomy":"post_tag","embeddable":true,"href":"https:\/\/pdt-rj.org.br\/index.php\/wp-json\/wp\/v2\/tags?post=64693"}],"curies":[{"name":"wp","href":"https:\/\/api.w.org\/{rel}","templated":true}]}}