{"id":64664,"date":"2019-05-17T16:45:14","date_gmt":"2019-05-17T19:45:14","guid":{"rendered":"http:\/\/pdt-rj.org.br\/?p=64664"},"modified":"2020-08-28T15:18:46","modified_gmt":"2020-08-28T18:18:46","slug":"tulio-gadelha-coordenara-frente-mista-de-combate-ao-trabalho-infantil","status":"publish","type":"post","link":"https:\/\/pdt-rj.org.br\/index.php\/tulio-gadelha-coordenara-frente-mista-de-combate-ao-trabalho-infantil\/","title":{"rendered":"T\u00falio Gad\u00ealha coordenar\u00e1 Frente Mista de Combate ao Trabalho Infantil"},"content":{"rendered":"<p>O deputado T\u00falio Gad\u00ealha (PDT-PE) coordenar\u00e1 a Frente Parlamentar Mista de Combate ao Trabalho Infantil e de Est\u00edmulo \u00e0 Aprendizagem, que ser\u00e1 lan\u00e7ada, nesta ter\u00e7a-feira (21), \u00e0s 16h, no Plen\u00e1rio 12, Anexo II, na C\u00e2mara Federal. O objetivo do colegiado \u00e9 recriar a Frente Parlamentar no \u00e2mbito do Congresso Nacional para debater o combate ao trabalho precoce e denunciar seus malef\u00edcios.<\/p>\n<p>Iniciativa tamb\u00e9m visa trabalhar em integra\u00e7\u00e3o com os diversos setores do Executivo, Legislativo e Judici\u00e1rio, para levar conscientiza\u00e7\u00e3o \u00e0 sociedade sobre a necessidade de extinguir o trabalho infantil e estimular a aprendizagem, como importante meta para o desenvolvimento do pa\u00eds.<\/p>\n<!-- AddThis Advanced Settings generic via filter on the_content --><!-- AddThis Share Buttons generic via filter on the_content -->","protected":false},"excerpt":{"rendered":"<p>O deputado T\u00falio Gad\u00ealha (PDT-PE) coordenar\u00e1 a Frente Parlamentar Mista de Combate ao Trabalho Infantil e de Est\u00edmulo \u00e0 Aprendizagem, que ser\u00e1 lan\u00e7ada, nesta ter\u00e7a-feira (21), \u00e0s 16h, no Plen\u00e1rio 12, Anexo II, na C\u00e2mara Federal. O objetivo do colegiado \u00e9 recriar a Frente Parlamentar no \u00e2mbito do Congresso Nacional para debater o combate ao&#8230;<!-- AddThis Advanced Settings generic via filter on wp_trim_excerpt --><!-- AddThis Share Buttons generic via filter on wp_trim_excerpt --><\/p>\n","protected":false},"author":17,"featured_media":64674,"comment_status":"closed","ping_status":"closed","sticky":false,"template":"","format":"standard","meta":{"_monsterinsights_skip_tracking":false,"_monsterinsights_sitenote_active":false,"_monsterinsights_sitenote_note":"","_monsterinsights_sitenote_category":0,"_uf_show_specific_survey":0,"_uf_disable_surveys":false,"footnotes":""},"categories":[1390,1459],"tags":[3919,3918,2491],"class_list":["post-64664","post","type-post","status-publish","format-standard","has-post-thumbnail","hentry","category-editorias","category-congresso","tag-atividade-ilegal","tag-combate-ao-trabalho-infantil","tag-tulio-gadelha"],"acf":[],"_links":{"self":[{"href":"https:\/\/pdt-rj.org.br\/index.php\/wp-json\/wp\/v2\/posts\/64664","targetHints":{"allow":["GET"]}}],"collection":[{"href":"https:\/\/pdt-rj.org.br\/index.php\/wp-json\/wp\/v2\/posts"}],"about":[{"href":"https:\/\/pdt-rj.org.br\/index.php\/wp-json\/wp\/v2\/types\/post"}],"author":[{"embeddable":true,"href":"https:\/\/pdt-rj.org.br\/index.php\/wp-json\/wp\/v2\/users\/17"}],"replies":[{"embeddable":true,"href":"https:\/\/pdt-rj.org.br\/index.php\/wp-json\/wp\/v2\/comments?post=64664"}],"version-history":[{"count":5,"href":"https:\/\/pdt-rj.org.br\/index.php\/wp-json\/wp\/v2\/posts\/64664\/revisions"}],"predecessor-version":[{"id":64703,"href":"https:\/\/pdt-rj.org.br\/index.php\/wp-json\/wp\/v2\/posts\/64664\/revisions\/64703"}],"wp:featuredmedia":[{"embeddable":true,"href":"https:\/\/pdt-rj.org.br\/index.php\/wp-json\/wp\/v2\/media\/64674"}],"wp:attachment":[{"href":"https:\/\/pdt-rj.org.br\/index.php\/wp-json\/wp\/v2\/media?parent=64664"}],"wp:term":[{"taxonomy":"category","embeddable":true,"href":"https:\/\/pdt-rj.org.br\/index.php\/wp-json\/wp\/v2\/categories?post=64664"},{"taxonomy":"post_tag","embeddable":true,"href":"https:\/\/pdt-rj.org.br\/index.php\/wp-json\/wp\/v2\/tags?post=64664"}],"curies":[{"name":"wp","href":"https:\/\/api.w.org\/{rel}","templated":true}]}}