{"id":64604,"date":"2019-05-15T16:23:39","date_gmt":"2019-05-15T19:23:39","guid":{"rendered":"http:\/\/pdt-rj.org.br\/?p=64604"},"modified":"2019-05-15T16:23:41","modified_gmt":"2019-05-15T19:23:41","slug":"katia-abreu-questiona-paulo-guedes-sobre-alternativas-para-enfrentar-crise-economica","status":"publish","type":"post","link":"https:\/\/pdt-rj.org.br\/index.php\/katia-abreu-questiona-paulo-guedes-sobre-alternativas-para-enfrentar-crise-economica\/","title":{"rendered":"K\u00e1tia Abreu questiona Paulo Guedes sobre alternativas para enfrentar crise econ\u00f4mica"},"content":{"rendered":"<p>Em audi\u00eancia na Comiss\u00e3o Mista de Or\u00e7amento (CMO) do Congresso Nacional nesta ter\u00e7a-feira (14), a senadora K\u00e1tia Abreu (PDT-TO) questionou o ministro da Economia, Paulo Guedes, sobre as alternativas para superar a crise econ\u00f4mica al\u00e9m da reforma da previd\u00eancia. A parlamentar falou sobre a necessidade de corre\u00e7\u00e3o da tabela do Imposto de Renda e refor\u00e7ou a import\u00e2ncia de uma reforma tribut\u00e1ria.<\/p>\n<p>\u201cDeixar de corrigir a tabela do Imposto de Renda \u00e9 aumentar os impostos para a popula\u00e7\u00e3o brasileira\u201d, disse K\u00e1tia. O ministro concordou com a posi\u00e7\u00e3o da senadora dizendo que \u201ctoda vez que n\u00e3o se atualiza a tabela, aumentam os impostos\u201d.<\/p>\n<p>K\u00e1tia Abreu tamb\u00e9m alertou para a urg\u00eancia em se rever as dedu\u00e7\u00f5es (descontos) na declara\u00e7\u00e3o do IR em gastos com sa\u00fade e educa\u00e7\u00e3o.<\/p>\n<p>\u201cO senhor n\u00e3o acha que a dedu\u00e7\u00e3o com sa\u00fade e educa\u00e7\u00e3o no Imposto de Renda \u00e9 socialmente injusta? N\u00f3s gastamos no ano passado R$ 108 bilh\u00f5es com toda a rede SUS, com as pessoas mais pobres. E aqueles que estudam em escola privada, consultam-se nos melhores hospitais tiveram dedu\u00e7\u00e3o de R$ 20 bilh\u00f5es. N\u00e3o conhe\u00e7o esse mecanismo em nenhum lugar do mundo\u201d, disse.<\/p>\n<p><strong>Com\u00e9rcio exterior<\/strong><\/p>\n<p>K\u00e1tia Abreu lembrou que o Brasil \u00e9 um dos pa\u00edses mais fechados do mundo em termos de com\u00e9rcio exterior. &#8220;O fluxo exterior atualmente representa 25% do PIB, quando, na avalia\u00e7\u00e3o da senadora, deveria estar em pelo menos 40%. Essa \u00fanica mudan\u00e7a representaria aumento anual do PIB em pelo menos 1%&#8221;, disse.<\/p>\n<p>\u201cComo representante da agropecu\u00e1ria, fico angustiada por ainda n\u00e3o ter visto um planejamento por parte do Itamaraty e do Minist\u00e9rio da Economia para chegarmos a 40% das nossas transa\u00e7\u00f5es comerciais\u201d, criticou.<\/p>\n<!-- AddThis Advanced Settings generic via filter on the_content --><!-- AddThis Share Buttons generic via filter on the_content -->","protected":false},"excerpt":{"rendered":"<p>Em audi\u00eancia na Comiss\u00e3o Mista de Or\u00e7amento (CMO) do Congresso Nacional nesta ter\u00e7a-feira (14), a senadora K\u00e1tia Abreu (PDT-TO) questionou o ministro da Economia, Paulo Guedes, sobre as alternativas para superar a crise econ\u00f4mica al\u00e9m da reforma da previd\u00eancia. A parlamentar falou sobre a necessidade de corre\u00e7\u00e3o da tabela do Imposto de Renda e refor\u00e7ou&#8230;<!-- AddThis Advanced Settings generic via filter on wp_trim_excerpt --><!-- AddThis Share Buttons generic via filter on wp_trim_excerpt --><\/p>\n","protected":false},"author":17,"featured_media":64623,"comment_status":"closed","ping_status":"closed","sticky":false,"template":"","format":"standard","meta":{"_monsterinsights_skip_tracking":false,"_monsterinsights_sitenote_active":false,"_monsterinsights_sitenote_note":"","_monsterinsights_sitenote_category":0,"_uf_show_specific_survey":0,"_uf_disable_surveys":false,"footnotes":""},"categories":[1390,1459],"tags":[],"class_list":["post-64604","post","type-post","status-publish","format-standard","has-post-thumbnail","hentry","category-editorias","category-congresso"],"acf":[],"_links":{"self":[{"href":"https:\/\/pdt-rj.org.br\/index.php\/wp-json\/wp\/v2\/posts\/64604","targetHints":{"allow":["GET"]}}],"collection":[{"href":"https:\/\/pdt-rj.org.br\/index.php\/wp-json\/wp\/v2\/posts"}],"about":[{"href":"https:\/\/pdt-rj.org.br\/index.php\/wp-json\/wp\/v2\/types\/post"}],"author":[{"embeddable":true,"href":"https:\/\/pdt-rj.org.br\/index.php\/wp-json\/wp\/v2\/users\/17"}],"replies":[{"embeddable":true,"href":"https:\/\/pdt-rj.org.br\/index.php\/wp-json\/wp\/v2\/comments?post=64604"}],"version-history":[{"count":3,"href":"https:\/\/pdt-rj.org.br\/index.php\/wp-json\/wp\/v2\/posts\/64604\/revisions"}],"predecessor-version":[{"id":64625,"href":"https:\/\/pdt-rj.org.br\/index.php\/wp-json\/wp\/v2\/posts\/64604\/revisions\/64625"}],"wp:featuredmedia":[{"embeddable":true,"href":"https:\/\/pdt-rj.org.br\/index.php\/wp-json\/wp\/v2\/media\/64623"}],"wp:attachment":[{"href":"https:\/\/pdt-rj.org.br\/index.php\/wp-json\/wp\/v2\/media?parent=64604"}],"wp:term":[{"taxonomy":"category","embeddable":true,"href":"https:\/\/pdt-rj.org.br\/index.php\/wp-json\/wp\/v2\/categories?post=64604"},{"taxonomy":"post_tag","embeddable":true,"href":"https:\/\/pdt-rj.org.br\/index.php\/wp-json\/wp\/v2\/tags?post=64604"}],"curies":[{"name":"wp","href":"https:\/\/api.w.org\/{rel}","templated":true}]}}