{"id":64599,"date":"2019-05-15T16:52:33","date_gmt":"2019-05-15T19:52:33","guid":{"rendered":"http:\/\/pdt-rj.org.br\/?p=64599"},"modified":"2019-05-15T17:11:50","modified_gmt":"2019-05-15T20:11:50","slug":"pdt-diversidade-no-combate-a-lgbtfobia","status":"publish","type":"post","link":"https:\/\/pdt-rj.org.br\/index.php\/pdt-diversidade-no-combate-a-lgbtfobia\/","title":{"rendered":"PDT Diversidade cumpre agenda em alus\u00e3o ao Dia Internacional de Combate \u00e0 LGBTIfobia"},"content":{"rendered":"<p>O PDT Diversidade participa, durante toda esta semana, das a\u00e7\u00f5es de combate \u00e0 LGBTIfobia, em alus\u00e3o ao Dia Internacional de Combate \u00e0 LGBTIfobia, comemorado no dia 17 de maio, data na qual a Organiza\u00e7\u00e3o Mundia de Sa\u00fade (OMS) retirou  a  homossexualidade  do  <br \/>C\u00f3digo Internacional de Doen\u00e7as rol de patologiza\u00e7\u00e3o, em 1990.<\/p>\n<p>A agenda do movimento pedetista est\u00e1 relacionada \u00e0s atividades da Alian\u00e7a Nacional LGBTI+, que  realiza uma s\u00e9rie de eventos em Bras\u00edlia, com in\u00edcio nessa ter\u00e7a-feira (14) e vai at\u00e9 a amanh\u00e3 (16), com o apoio da Frente Parlamentar Mista pelo Respeito \u00e0 Cidadania LGBTI+ e em parceira com a RedTrans Brasil:<\/p>\n<p>&#8220;Essa semana \u00e9 de resist\u00eancia, mostrando nossas cores e luta, com v\u00e1rias agendas, audi\u00eancias p\u00fablicas na C\u00e2mara e Senado, ONU e outros \u00f3rg\u00e3os, para mostrar que existimos e nossas vidas importam&#8221;, explica a presidente nacional do PDT Diversidade, Amanda Anderson.<\/p>\n<p>V\u00e1rios parlamentares do PDT participam das audi\u00eancias, uma delas, inclusive, solicitada pelo deputado federal T\u00falio Gadelha (PE), vice-presidente da Comiss\u00e3o de Direitos Humanos e Minorias.<\/p>\n<p><strong>Agenda<\/strong><\/p>\n<p><strong>16\/05\/2019, 9h \u2013<\/strong> Audi\u00eancia P\u00fablica no Senado Federal \u201cDia Internacional de Enfrentamento \u00e0 LGBTIfobia\u201d<br \/> Local: Comiss\u00e3o de Direitos Humanos e Legisla\u00e7\u00e3o Participativa, Anexo II, Ala Senador Alexandre Costa, Plen\u00e1rio 06, Senado Federal<\/p>\n<p>Eventos apoiados em Bras\u00edlia:<\/p>\n<p><strong>17\/05\/2019, 14h <\/strong>\u2013 Di\u00e1logo: Dia Internacional de Enfrentamento \u00e0 LGBTfobia<br \/> Local: Audit\u00f3rio Paulo Freire, SIG quadra 6 lote 2260.<\/p>\n<p><strong>17\/05\/2019, 18h<\/strong> \u2013 Ato Pol\u00edtico DF pelo Dia de Combate \u00e0 LGBTIfobia \u2013 Rodovi\u00e1ria do Plano Piloto (Concentra\u00e7\u00e3o Escada do Metr\u00f4).<\/p>\n<!-- AddThis Advanced Settings generic via filter on the_content --><!-- AddThis Share Buttons generic via filter on the_content -->","protected":false},"excerpt":{"rendered":"<p>O PDT Diversidade participa, durante toda esta semana, das a\u00e7\u00f5es de combate \u00e0 LGBTIfobia, em alus\u00e3o ao Dia Internacional de Combate \u00e0 LGBTIfobia, comemorado no dia 17 de maio, data na qual a Organiza\u00e7\u00e3o Mundia de Sa\u00fade (OMS) retirou a homossexualidade do C\u00f3digo Internacional de Doen\u00e7as rol de patologiza\u00e7\u00e3o, em 1990. A agenda do movimento&#8230;<!-- AddThis Advanced Settings generic via filter on wp_trim_excerpt --><!-- AddThis Share Buttons generic via filter on wp_trim_excerpt --><\/p>\n","protected":false},"author":17,"featured_media":64626,"comment_status":"closed","ping_status":"closed","sticky":false,"template":"","format":"standard","meta":{"_monsterinsights_skip_tracking":false,"_monsterinsights_sitenote_active":false,"_monsterinsights_sitenote_note":"","_monsterinsights_sitenote_category":0,"_uf_show_specific_survey":0,"_uf_disable_surveys":false,"footnotes":""},"categories":[1390],"tags":[],"class_list":["post-64599","post","type-post","status-publish","format-standard","has-post-thumbnail","hentry","category-editorias"],"acf":[],"_links":{"self":[{"href":"https:\/\/pdt-rj.org.br\/index.php\/wp-json\/wp\/v2\/posts\/64599","targetHints":{"allow":["GET"]}}],"collection":[{"href":"https:\/\/pdt-rj.org.br\/index.php\/wp-json\/wp\/v2\/posts"}],"about":[{"href":"https:\/\/pdt-rj.org.br\/index.php\/wp-json\/wp\/v2\/types\/post"}],"author":[{"embeddable":true,"href":"https:\/\/pdt-rj.org.br\/index.php\/wp-json\/wp\/v2\/users\/17"}],"replies":[{"embeddable":true,"href":"https:\/\/pdt-rj.org.br\/index.php\/wp-json\/wp\/v2\/comments?post=64599"}],"version-history":[{"count":25,"href":"https:\/\/pdt-rj.org.br\/index.php\/wp-json\/wp\/v2\/posts\/64599\/revisions"}],"predecessor-version":[{"id":64645,"href":"https:\/\/pdt-rj.org.br\/index.php\/wp-json\/wp\/v2\/posts\/64599\/revisions\/64645"}],"wp:featuredmedia":[{"embeddable":true,"href":"https:\/\/pdt-rj.org.br\/index.php\/wp-json\/wp\/v2\/media\/64626"}],"wp:attachment":[{"href":"https:\/\/pdt-rj.org.br\/index.php\/wp-json\/wp\/v2\/media?parent=64599"}],"wp:term":[{"taxonomy":"category","embeddable":true,"href":"https:\/\/pdt-rj.org.br\/index.php\/wp-json\/wp\/v2\/categories?post=64599"},{"taxonomy":"post_tag","embeddable":true,"href":"https:\/\/pdt-rj.org.br\/index.php\/wp-json\/wp\/v2\/tags?post=64599"}],"curies":[{"name":"wp","href":"https:\/\/api.w.org\/{rel}","templated":true}]}}