{"id":64558,"date":"2019-05-14T11:52:09","date_gmt":"2019-05-14T14:52:09","guid":{"rendered":"http:\/\/pdt-rj.org.br\/?p=64558"},"modified":"2019-05-14T11:52:10","modified_gmt":"2019-05-14T14:52:10","slug":"cid-gomes-defende-mobilizacao-contra-cortes-de-recursos-para-instituicoes-de-ensino","status":"publish","type":"post","link":"https:\/\/pdt-rj.org.br\/index.php\/cid-gomes-defende-mobilizacao-contra-cortes-de-recursos-para-instituicoes-de-ensino\/","title":{"rendered":"Cid Gomes defende mobiliza\u00e7\u00e3o contra cortes de recursos para institui\u00e7\u00f5es de ensino"},"content":{"rendered":"<p>O senador Cid Gomes participou nesta segunda-feira (13\/05) de reuni\u00e3o com o governador Camilo Santana, a vice-governadora Izolda Cela, al\u00e9m de deputados federais, estaduais e reitores das institui\u00e7\u00f5es de ensino federal do Cear\u00e1 para discutir os cortes nas verbas do Minist\u00e9rio da Educa\u00e7\u00e3o. Cid disse que os cortes s\u00e3o absurdos e conclamou a popula\u00e7\u00e3o a se mobilizar para tentar reverter a situa\u00e7\u00e3o.<\/p>\n<p>\u201cO governador Camilo fez quest\u00e3o de receber pessoalmente os reitores e a bancada cearense para que defin\u00edssemos estrat\u00e9gias de a\u00e7\u00e3o e de contraponto a esse absurdo. A primeira delas j\u00e1 come\u00e7a nesta quarta-feira, ser\u00e1 um grande ato de mobiliza\u00e7\u00e3o, que todos os estudantes est\u00e3o convidados a participar, a partir das 8h, na Pra\u00e7a da Bandeira\u201d, convidou Cid.<\/p>\n<p>Outras estrat\u00e9gias de a\u00e7\u00e3o, segundo o senador, ser\u00e1 a apresenta\u00e7\u00e3o de requerimentos de convoca\u00e7\u00e3o do ministro da Educa\u00e7\u00e3o nas mais diversas comiss\u00f5es da C\u00e2mara e do Senado Federal, al\u00e9m da obstru\u00e7\u00e3o das vota\u00e7\u00f5es de mat\u00e9rias importantes para o Governo ate que os cortes sejam revistos.<\/p>\n<!-- AddThis Advanced Settings generic via filter on the_content --><!-- AddThis Share Buttons generic via filter on the_content -->","protected":false},"excerpt":{"rendered":"<p>O senador Cid Gomes participou nesta segunda-feira (13\/05) de reuni\u00e3o com o governador Camilo Santana, a vice-governadora Izolda Cela, al\u00e9m de deputados federais, estaduais e reitores das institui\u00e7\u00f5es de ensino federal do Cear\u00e1 para discutir os cortes nas verbas do Minist\u00e9rio da Educa\u00e7\u00e3o. Cid disse que os cortes s\u00e3o absurdos e conclamou a popula\u00e7\u00e3o a&#8230;<!-- AddThis Advanced Settings generic via filter on wp_trim_excerpt --><!-- AddThis Share Buttons generic via filter on wp_trim_excerpt --><\/p>\n","protected":false},"author":17,"featured_media":64559,"comment_status":"closed","ping_status":"closed","sticky":false,"template":"","format":"standard","meta":{"_monsterinsights_skip_tracking":false,"_monsterinsights_sitenote_active":false,"_monsterinsights_sitenote_note":"","_monsterinsights_sitenote_category":0,"_uf_show_specific_survey":0,"_uf_disable_surveys":false,"footnotes":""},"categories":[976],"tags":[],"class_list":["post-64558","post","type-post","status-publish","format-standard","has-post-thumbnail","hentry","category-noticias-em-destaque"],"acf":[],"_links":{"self":[{"href":"https:\/\/pdt-rj.org.br\/index.php\/wp-json\/wp\/v2\/posts\/64558","targetHints":{"allow":["GET"]}}],"collection":[{"href":"https:\/\/pdt-rj.org.br\/index.php\/wp-json\/wp\/v2\/posts"}],"about":[{"href":"https:\/\/pdt-rj.org.br\/index.php\/wp-json\/wp\/v2\/types\/post"}],"author":[{"embeddable":true,"href":"https:\/\/pdt-rj.org.br\/index.php\/wp-json\/wp\/v2\/users\/17"}],"replies":[{"embeddable":true,"href":"https:\/\/pdt-rj.org.br\/index.php\/wp-json\/wp\/v2\/comments?post=64558"}],"version-history":[{"count":2,"href":"https:\/\/pdt-rj.org.br\/index.php\/wp-json\/wp\/v2\/posts\/64558\/revisions"}],"predecessor-version":[{"id":64561,"href":"https:\/\/pdt-rj.org.br\/index.php\/wp-json\/wp\/v2\/posts\/64558\/revisions\/64561"}],"wp:featuredmedia":[{"embeddable":true,"href":"https:\/\/pdt-rj.org.br\/index.php\/wp-json\/wp\/v2\/media\/64559"}],"wp:attachment":[{"href":"https:\/\/pdt-rj.org.br\/index.php\/wp-json\/wp\/v2\/media?parent=64558"}],"wp:term":[{"taxonomy":"category","embeddable":true,"href":"https:\/\/pdt-rj.org.br\/index.php\/wp-json\/wp\/v2\/categories?post=64558"},{"taxonomy":"post_tag","embeddable":true,"href":"https:\/\/pdt-rj.org.br\/index.php\/wp-json\/wp\/v2\/tags?post=64558"}],"curies":[{"name":"wp","href":"https:\/\/api.w.org\/{rel}","templated":true}]}}