{"id":64554,"date":"2019-05-14T12:19:35","date_gmt":"2019-05-14T15:19:35","guid":{"rendered":"http:\/\/pdt-rj.org.br\/?p=64554"},"modified":"2019-05-14T12:19:36","modified_gmt":"2019-05-14T15:19:36","slug":"o-presidente-joao-goulart-foi-um-grande-brasileiro-que-marcou-a-nossa-historia","status":"publish","type":"post","link":"https:\/\/pdt-rj.org.br\/index.php\/o-presidente-joao-goulart-foi-um-grande-brasileiro-que-marcou-a-nossa-historia\/","title":{"rendered":"&#8220;O presidente Jo\u00e3o Goulart foi um grande brasileiro que marcou a nossa hist\u00f3ria&#8221;"},"content":{"rendered":"<p>Eduardo Loureiro, deputado estadual do PDT pelo Rio Grande do Sul e ex-prefeito de Santo \u00c2ngelo (RS), como muitos ga\u00fachos da atualidade, n\u00e3o conheceu pessoalmente o presidente Jo\u00e3o Goulart, mas sim atrav\u00e9s de depoimentos de familiares. O seu av\u00f4, Romeu Goulart Loureiro, nascido e criado em S\u00e3o Borja, era primo e contempor\u00e2neo de Jango; e seu pai,  Adroaldo Loureiro, acompanhou toda a trajet\u00f3ria e vida pol\u00edtica do presidente.<\/p>\n<p>\u201cCresci ouvindo meu pai e meu av\u00f4 falarem sobre Jango;  sempre gostei de pol\u00edtica e hoje milito no PDT\u201d, disse, frisando que aprendeu em casa que a Legalidade, em 61, foi marco na Hist\u00f3ria do Brasil como  \u201cmomento c\u00edvico extraordin\u00e1rio de defesa da Constitui\u00e7\u00e3o\u201d sob a lideran\u00e7a de Leonel Brizola. \u201cForam 13 dias de mobiliza\u00e7\u00e3o c\u00edvica no Rio Grande do Sul e no Brasil para garantir a posse do Vice-Presidente eleito\u201d.<\/p>\n<p>Com base no que ouviu e no que leu, aprendeu que as reformas de base propostas pelo presidente Jo\u00e3o Goulart, se implementadas na \u00e9poca, transformariam o Brasil em um pa\u00eds muito melhor do que \u00e9 hoje: \u201cAs reformas s\u00e3o absolutamente atuais porque continuamos precisando de reforma tribut\u00e1ria, de reforma educacional, de reforma habitacional, etc. etc.\u201d, argumentou. Todas elas cruciais para o desenvolvimento. <\/p>\n<p>Segundo Loureiro, Jango era um nacionalista e por isto sancionou,  entre outras,  a lei da remessa de lucros para o exterior para frear a atua\u00e7\u00e3o das multinacionais no Brasil; desapropriou terras para a reforma agr\u00e1ria; valorizou as empresas nacionais e tamb\u00e9m as estatais como a Petrobras, a Vale do Rio Doce e criou a Embratel. O governo de Jango, ainda de acordo com Eduardo Loureiro,  desenvolveu a\u00e7\u00f5es voltadas para a popula\u00e7\u00e3o mais necessitada: da\u00ed a cria\u00e7\u00e3o do 13\u00b0 sal\u00e1rio e o seu apoio a medidas como o tabelamento dos  alugu\u00e9is e dos medicamentos.<\/p>\n<p>Por conta destas iniciativas, continuou Loureiro, Jango contrariou muitos interesses e isto ajudou a desencadear o golpe da direita civil-militar, desfechado em plena guerra fria \u2013  \u00e9poca do enfrentamento entre os blocos ocidental, liderado pelos Estados Unidos; e o comunista, liderado pela  Uni\u00e3o Sovi\u00e9tica.<\/p>\n<p>No Brasil desta \u00e9poca j\u00e1 predominava \u201co discurso falso que ganhou corpo\u201d, da direita, de que o presidente Goulart era comunista e sonhava instaurar um regime comunista no Brasil. Veio o golpe de 1964. Que foi vitorioso, na opini\u00e3o de Loureiro, at\u00e9 pelo fato de Brizola n\u00e3o ser mais governador dos ga\u00fachos e n\u00e3o existirem em 64  \u201cas mesmas condi\u00e7\u00f5es de resist\u00eancia de 1961\u201d. <\/p>\n<p>Na opini\u00e3o de Loureiro, Jango foi deposto pelas mesmas for\u00e7as que obrigaram Get\u00falio Vargas a se matar na crise de agosto de 1954 porque  ambos defendiam a soberania do Brasil e se posicionavam contra a explora\u00e7\u00e3o das riquezas naturais do Brasil por estrangeiros, prejudicando os brasileiros.<\/p>\n<p>\u201cAmbos valorizavam o capital nacional, os trabalhadores e os empreendedores brasileiros\u201d, bases para o desenvolvimento  soberano \u2013 tanto que importantes estatais foram criadas por Vargas e Jango, destacou Loureiro. <\/p>\n<p>Sobre a figura humana de Jo\u00e3o Goulart \u2013 com base no que dizia seu av\u00f4, com quem aprendeu muito \u2013 Loureiro disse que ele era  um homem rico, um grande criador, que se quisesse poderia  levar uma vida absolutamente tranquila e c\u00f4moda com sua fam\u00edlia &#8211; como tantos pessoas ricas, de sua \u00e9poca. Mas pelo contr\u00e1rio, ele dedicou a vida \u00e0 causa p\u00fablica. <\/p>\n<p>Ao concluir, Loureiro afirmou: \u201cO presidente Jo\u00e3o Goulart,  pessoa sens\u00edvel do ponto de vista social,  foi sem d\u00favida  um grande brasileiro que marcou a nossa Hist\u00f3ria. Como disse Darcy Ribeiro, ele foi v\u00edtima de seus acertos; n\u00e3o de seus erros\u201d.<\/p>\n<p> Confira a entrevista completa abaixo: <\/p>\n<figure class=\"wp-block-embed-youtube wp-block-embed is-type-video is-provider-youtube wp-embed-aspect-16-9 wp-has-aspect-ratio\">\n<div class=\"wp-block-embed__wrapper\">\n<iframe loading=\"lazy\" title=\"EDUARDO LOUREIRO: \u201cJANGO FOI V\u00cdTIMA DE SEUS ACERTOS\u201d.\" width=\"640\" height=\"360\" src=\"https:\/\/www.youtube.com\/embed\/L1_33C-bJN0?feature=oembed\" frameborder=\"0\" allow=\"accelerometer; autoplay; clipboard-write; encrypted-media; gyroscope; picture-in-picture; web-share\" referrerpolicy=\"strict-origin-when-cross-origin\" allowfullscreen><\/iframe>\n<\/div>\n<\/figure>\n<!-- AddThis Advanced Settings generic via filter on the_content --><!-- AddThis Share Buttons generic via filter on the_content -->","protected":false},"excerpt":{"rendered":"<p>Eduardo Loureiro, deputado estadual do PDT pelo Rio Grande do Sul e ex-prefeito de Santo \u00c2ngelo (RS), como muitos ga\u00fachos da atualidade, n\u00e3o conheceu pessoalmente o presidente Jo\u00e3o Goulart, mas sim atrav\u00e9s de depoimentos de familiares. O seu av\u00f4, Romeu Goulart Loureiro, nascido e criado em S\u00e3o Borja, era primo e contempor\u00e2neo de Jango; e&#8230;<!-- AddThis Advanced Settings generic via filter on wp_trim_excerpt --><!-- AddThis Share Buttons generic via filter on wp_trim_excerpt --><\/p>\n","protected":false},"author":17,"featured_media":64564,"comment_status":"closed","ping_status":"closed","sticky":false,"template":"","format":"standard","meta":{"_monsterinsights_skip_tracking":false,"_monsterinsights_sitenote_active":false,"_monsterinsights_sitenote_note":"","_monsterinsights_sitenote_category":0,"_uf_show_specific_survey":0,"_uf_disable_surveys":false,"footnotes":""},"categories":[1390,3230],"tags":[],"class_list":["post-64554","post","type-post","status-publish","format-standard","has-post-thumbnail","hentry","category-editorias","category-centenario-de-jango"],"acf":[],"_links":{"self":[{"href":"https:\/\/pdt-rj.org.br\/index.php\/wp-json\/wp\/v2\/posts\/64554","targetHints":{"allow":["GET"]}}],"collection":[{"href":"https:\/\/pdt-rj.org.br\/index.php\/wp-json\/wp\/v2\/posts"}],"about":[{"href":"https:\/\/pdt-rj.org.br\/index.php\/wp-json\/wp\/v2\/types\/post"}],"author":[{"embeddable":true,"href":"https:\/\/pdt-rj.org.br\/index.php\/wp-json\/wp\/v2\/users\/17"}],"replies":[{"embeddable":true,"href":"https:\/\/pdt-rj.org.br\/index.php\/wp-json\/wp\/v2\/comments?post=64554"}],"version-history":[{"count":4,"href":"https:\/\/pdt-rj.org.br\/index.php\/wp-json\/wp\/v2\/posts\/64554\/revisions"}],"predecessor-version":[{"id":64566,"href":"https:\/\/pdt-rj.org.br\/index.php\/wp-json\/wp\/v2\/posts\/64554\/revisions\/64566"}],"wp:featuredmedia":[{"embeddable":true,"href":"https:\/\/pdt-rj.org.br\/index.php\/wp-json\/wp\/v2\/media\/64564"}],"wp:attachment":[{"href":"https:\/\/pdt-rj.org.br\/index.php\/wp-json\/wp\/v2\/media?parent=64554"}],"wp:term":[{"taxonomy":"category","embeddable":true,"href":"https:\/\/pdt-rj.org.br\/index.php\/wp-json\/wp\/v2\/categories?post=64554"},{"taxonomy":"post_tag","embeddable":true,"href":"https:\/\/pdt-rj.org.br\/index.php\/wp-json\/wp\/v2\/tags?post=64554"}],"curies":[{"name":"wp","href":"https:\/\/api.w.org\/{rel}","templated":true}]}}