{"id":64490,"date":"2019-05-10T19:17:44","date_gmt":"2019-05-10T22:17:44","guid":{"rendered":"http:\/\/pdt-rj.org.br\/?p=64490"},"modified":"2019-05-10T19:17:45","modified_gmt":"2019-05-10T22:17:45","slug":"projeto-de-andre-figueiredo-revoga-decreto-que-libera-porte-de-armas","status":"publish","type":"post","link":"https:\/\/pdt-rj.org.br\/index.php\/projeto-de-andre-figueiredo-revoga-decreto-que-libera-porte-de-armas\/","title":{"rendered":"Projeto de Andr\u00e9 Figueiredo revoga decreto que libera porte de armas"},"content":{"rendered":"<p> O l\u00edder do PDT na C\u00e2mara, o deputado federal Andr\u00e9 Figueiredo (CE),   apresentou uma proposta (<a href=\"https:\/\/www.camara.leg.br\/proposicoesWeb\/fichadetramitacao?idProposicao=2200772\">PDL 240\/19<\/a>) que revoga o decreto presidencial que libera de maneira quase irrestrita o porte de armas no pa\u00eds. O parlamentar argumenta que a medida \u00e9 inconstitucional porque exorbita o poder do presidente de legislar, uma vez que o Estatuto do Desarmamento (<a href=\"http:\/\/www.planalto.gov.br\/ccivil_03\/leis\/2003\/l10.826.htm\">Lei 10.826\/03<\/a>) estabelece claramente as categorias autorizadas a portar armamentos.<\/p>\n<p>Curiosamente, Andr\u00e9 Figueiredo utiliza, na justificativa do projeto, os mesmos argumentos utilizados por Jair Bolsonaro quando deputado, em 2013. Na ocasi\u00e3o, o hoje presidente apresentou proposta para sustar um decreto da presidente Dilma Rousseff que liberava o uso de armamentos para servidores do Instituto Brasileiro de Meio Ambiente e dos Recursos Renov\u00e1veis (Ibama) e para o Instituto Chico Mendes de Conserva\u00e7\u00e3o da Biodiversidade.<\/p>\n<p>Na justificativa, Bolsonaro ressaltava exatamente que o Estatuto do Desarmamento \u201cestabelece taxativamente a quem \u00e9 conferida autoriza\u00e7\u00e3o para o porte de armas de fogo\u201d. Por isso, o decreto excederia o poder regulamentar da ent\u00e3o presidente da Rep\u00fablica.<\/p>\n<p>O decreto presidencial (<a href=\"http:\/\/www.in.gov.br\/web\/dou\/-\/decreto-n%C2%BA-9.785-de-7-de-maio-de-2019-87309239\">Decreto 9.785\/19<\/a>) questionado por Andr\u00e9 Figueiredo, al\u00e9m de liberar a importa\u00e7\u00e3o de armamentos, amplia \u201cconsideravelmente o porte de armas para um conjunto amplo de categorias\u201d, argumenta o deputado. Entre os profissionais autorizados a carregar arma de fogo constam, por exemplo, parlamentares eleitos, caminhoneiros, jornalistas policiais, agentes de tr\u00e2nsito, advogados, oficiais de justi\u00e7a e conselheiros tutelares. Estima-se que cerca 19 milh\u00f5es de brasileiros poder\u00e3o adquirir e carregar uma arma em fun\u00e7\u00e3o da medida.<\/p>\n<!-- AddThis Advanced Settings generic via filter on the_content --><!-- AddThis Share Buttons generic via filter on the_content -->","protected":false},"excerpt":{"rendered":"<p>O l\u00edder do PDT na C\u00e2mara, o deputado federal Andr\u00e9 Figueiredo (CE), apresentou uma proposta (PDL 240\/19) que revoga o decreto presidencial que libera de maneira quase irrestrita o porte de armas no pa\u00eds. O parlamentar argumenta que a medida \u00e9 inconstitucional porque exorbita o poder do presidente de legislar, uma vez que o Estatuto&#8230;<!-- AddThis Advanced Settings generic via filter on wp_trim_excerpt --><!-- AddThis Share Buttons generic via filter on wp_trim_excerpt --><\/p>\n","protected":false},"author":17,"featured_media":64500,"comment_status":"closed","ping_status":"closed","sticky":false,"template":"","format":"standard","meta":{"_monsterinsights_skip_tracking":false,"_monsterinsights_sitenote_active":false,"_monsterinsights_sitenote_note":"","_monsterinsights_sitenote_category":0,"_uf_show_specific_survey":0,"_uf_disable_surveys":false,"footnotes":""},"categories":[1459,976],"tags":[],"class_list":["post-64490","post","type-post","status-publish","format-standard","has-post-thumbnail","hentry","category-congresso","category-noticias-em-destaque"],"acf":[],"_links":{"self":[{"href":"https:\/\/pdt-rj.org.br\/index.php\/wp-json\/wp\/v2\/posts\/64490","targetHints":{"allow":["GET"]}}],"collection":[{"href":"https:\/\/pdt-rj.org.br\/index.php\/wp-json\/wp\/v2\/posts"}],"about":[{"href":"https:\/\/pdt-rj.org.br\/index.php\/wp-json\/wp\/v2\/types\/post"}],"author":[{"embeddable":true,"href":"https:\/\/pdt-rj.org.br\/index.php\/wp-json\/wp\/v2\/users\/17"}],"replies":[{"embeddable":true,"href":"https:\/\/pdt-rj.org.br\/index.php\/wp-json\/wp\/v2\/comments?post=64490"}],"version-history":[{"count":4,"href":"https:\/\/pdt-rj.org.br\/index.php\/wp-json\/wp\/v2\/posts\/64490\/revisions"}],"predecessor-version":[{"id":64513,"href":"https:\/\/pdt-rj.org.br\/index.php\/wp-json\/wp\/v2\/posts\/64490\/revisions\/64513"}],"wp:featuredmedia":[{"embeddable":true,"href":"https:\/\/pdt-rj.org.br\/index.php\/wp-json\/wp\/v2\/media\/64500"}],"wp:attachment":[{"href":"https:\/\/pdt-rj.org.br\/index.php\/wp-json\/wp\/v2\/media?parent=64490"}],"wp:term":[{"taxonomy":"category","embeddable":true,"href":"https:\/\/pdt-rj.org.br\/index.php\/wp-json\/wp\/v2\/categories?post=64490"},{"taxonomy":"post_tag","embeddable":true,"href":"https:\/\/pdt-rj.org.br\/index.php\/wp-json\/wp\/v2\/tags?post=64490"}],"curies":[{"name":"wp","href":"https:\/\/api.w.org\/{rel}","templated":true}]}}