{"id":64437,"date":"2019-05-09T15:03:12","date_gmt":"2019-05-09T18:03:12","guid":{"rendered":"http:\/\/pdt-rj.org.br\/?p=64437"},"modified":"2019-05-09T15:06:09","modified_gmt":"2019-05-09T18:06:09","slug":"cid-gomes-classifica-como-irresponsavel-corte-de-universidades-federais","status":"publish","type":"post","link":"https:\/\/pdt-rj.org.br\/index.php\/cid-gomes-classifica-como-irresponsavel-corte-de-universidades-federais\/","title":{"rendered":"Cid Gomes classifica como irrespons\u00e1vel corte de universidades federais"},"content":{"rendered":"<p>O senador Cid Gomes (PDT-CE) criticou nessa ter\u00e7a-feira, durante a sess\u00e3o do Senado Federal, os cortes que est\u00e3o sendo feitos pelo Governo Federal em recursos destinados a universidades e institutos federais. <\/p>\n<p>\u201cEste Senado n\u00e3o pode ficar calado e n\u00e3o pode ficar omisso em rela\u00e7\u00e3o a essa decis\u00e3o absurda, inconsequente e irrespons\u00e1vel do executivo brasileiro de cortar recursos de forma indiscriminada\u201d, defendeu.<\/p>\n<p>No Cear\u00e1, de acordo com o senador, foram bloqueados cerca de R$ 108 milh\u00f5es que deveriam ser destinados \u00e0 Universidade Federal do Cear\u00e1 (UFC), Universidade Federal do Cariri (UFCA), Universidade da Integra\u00e7\u00e3o Internacional da Lusofonia Afro-Brasileira (Unilab) e ao Instituto Federal do Cear\u00e1 (IFCE).<\/p>\n<p>O Senador lembrou que, embora tenha havido uma expans\u00e3o das institui\u00e7\u00f5es de ensino superior nos \u00faltimos 15 anos, o Brasil ainda vive o desafio de ampliar essa rede. <\/p>\n<p>\u201cSe examinarmos qual o percentual de jovens brasileiros na faixa de 18 a 22 anos que est\u00e3o frequentando a universidade vamos ver que ainda n\u00e3o chega a 18%. Pa\u00edses como Argentina, Col\u00f4mbia e Chile t\u00eam percentuais muito superiores. Portanto, nosso desafio ainda \u00e9 expandir o acesso ao ensino superior aos brasileiros\u201d, argumentou.<\/p>\n<p>Cid Gomes defendeu que o senado precisa ser mais criterioso na an\u00e1lise do or\u00e7amento da Uni\u00e3o, de modo a impedir que um ato isolado do Poder Executivo promova esse tipo de corte. <\/p>\n<p>\u201cN\u00e3o podemos s\u00f3 protestar. N\u00e3o podemos permitir que se estime receita no or\u00e7amento federal para al\u00e9m do que ser\u00e1 realizado. \u00c9 isso que permite \u00e0 Uni\u00e3o fazer por decreto esses cortes. \u00c9 inconceb\u00edvel que aceitemos que cortes nessa monta sejam feios apenas por iniciativa isolada do Executivo\u201d, defendeu.<\/p>\n<!-- AddThis Advanced Settings generic via filter on the_content --><!-- AddThis Share Buttons generic via filter on the_content -->","protected":false},"excerpt":{"rendered":"<p>O senador Cid Gomes (PDT-CE) criticou nessa ter\u00e7a-feira, durante a sess\u00e3o do Senado Federal, os cortes que est\u00e3o sendo feitos pelo Governo Federal em recursos destinados a universidades e institutos federais. \u201cEste Senado n\u00e3o pode ficar calado e n\u00e3o pode ficar omisso em rela\u00e7\u00e3o a essa decis\u00e3o absurda, inconsequente e irrespons\u00e1vel do executivo brasileiro de&#8230;<!-- AddThis Advanced Settings generic via filter on wp_trim_excerpt --><!-- AddThis Share Buttons generic via filter on wp_trim_excerpt --><\/p>\n","protected":false},"author":17,"featured_media":64440,"comment_status":"closed","ping_status":"closed","sticky":false,"template":"","format":"standard","meta":{"_monsterinsights_skip_tracking":false,"_monsterinsights_sitenote_active":false,"_monsterinsights_sitenote_note":"","_monsterinsights_sitenote_category":0,"_uf_show_specific_survey":0,"_uf_disable_surveys":false,"footnotes":""},"categories":[976],"tags":[],"class_list":["post-64437","post","type-post","status-publish","format-standard","has-post-thumbnail","hentry","category-noticias-em-destaque"],"acf":[],"_links":{"self":[{"href":"https:\/\/pdt-rj.org.br\/index.php\/wp-json\/wp\/v2\/posts\/64437","targetHints":{"allow":["GET"]}}],"collection":[{"href":"https:\/\/pdt-rj.org.br\/index.php\/wp-json\/wp\/v2\/posts"}],"about":[{"href":"https:\/\/pdt-rj.org.br\/index.php\/wp-json\/wp\/v2\/types\/post"}],"author":[{"embeddable":true,"href":"https:\/\/pdt-rj.org.br\/index.php\/wp-json\/wp\/v2\/users\/17"}],"replies":[{"embeddable":true,"href":"https:\/\/pdt-rj.org.br\/index.php\/wp-json\/wp\/v2\/comments?post=64437"}],"version-history":[{"count":3,"href":"https:\/\/pdt-rj.org.br\/index.php\/wp-json\/wp\/v2\/posts\/64437\/revisions"}],"predecessor-version":[{"id":64441,"href":"https:\/\/pdt-rj.org.br\/index.php\/wp-json\/wp\/v2\/posts\/64437\/revisions\/64441"}],"wp:featuredmedia":[{"embeddable":true,"href":"https:\/\/pdt-rj.org.br\/index.php\/wp-json\/wp\/v2\/media\/64440"}],"wp:attachment":[{"href":"https:\/\/pdt-rj.org.br\/index.php\/wp-json\/wp\/v2\/media?parent=64437"}],"wp:term":[{"taxonomy":"category","embeddable":true,"href":"https:\/\/pdt-rj.org.br\/index.php\/wp-json\/wp\/v2\/categories?post=64437"},{"taxonomy":"post_tag","embeddable":true,"href":"https:\/\/pdt-rj.org.br\/index.php\/wp-json\/wp\/v2\/tags?post=64437"}],"curies":[{"name":"wp","href":"https:\/\/api.w.org\/{rel}","templated":true}]}}