{"id":64422,"date":"2019-05-08T16:39:26","date_gmt":"2019-05-08T19:39:26","guid":{"rendered":"http:\/\/pdt-rj.org.br\/?p=64422"},"modified":"2019-05-08T16:39:27","modified_gmt":"2019-05-08T19:39:27","slug":"katia-abreu-apresenta-plano-de-desenvolvimento-municipal-para-instituicoes-financeiras","status":"publish","type":"post","link":"https:\/\/pdt-rj.org.br\/index.php\/katia-abreu-apresenta-plano-de-desenvolvimento-municipal-para-instituicoes-financeiras\/","title":{"rendered":"K\u00e1tia Abreu apresenta Plano de Desenvolvimento Municipal para institui\u00e7\u00f5es financeiras"},"content":{"rendered":"<p>K\u00e1tia Abreu reuniu, nessa segunda-feira (6), em Palmas, entidades representativas e institui\u00e7\u00f5es para detalhar o Plano de Desenvolvimento Regional dos Munic\u00edpios.&nbsp; Esses organismos, al\u00e9m de sugerir programas que s\u00e3o an\u00e1logos ao plano, ir\u00e3o auxiliar na execu\u00e7\u00e3o das a\u00e7\u00f5es previstas.<\/p>\n<p>Estiveram na reuni\u00e3o a Universidade Federal do Tocantins (UFT),  <br \/>Instituto Federal do Tocantins (IFTO), Unitins, &nbsp;Sebrae\/TO, Embrapa,  <br \/>Federa\u00e7\u00e3o da Agricultura do Tocantins (Faet), Senar, Fieto, Senai, Sesc e Senac, Organiza\u00e7\u00e3o das Coooperativas do Brasil (OCB\/TO), Federa\u00e7\u00e3o das Associa\u00e7\u00f5es Comerciais e Industriais do Tocantins (Faciet) , Banco do Brasil, Caixa Econ\u00f4mica Federal, BASA e cooperativas de cr\u00e9dito.<\/p>\n<p>O Plano de Desenvolvimento abrange quatro divis\u00f5es regionais do Tocantins, eleitas pela senadora como priorit\u00e1rias, com base nos indicadores como IDH e IDEB, considerados baixos, mas com potencial para desenvolvimento. S\u00e3o elas: regi\u00e3o de Pedro Afonso (12 munic\u00edpios), Bico do Papagaio (26 munic\u00edpios), Jalap\u00e3o (sete munic\u00edpios) e o Sudeste (21 munic\u00edpios).<\/p>\n<p>Os representantes das institui\u00e7\u00f5es se comprometeram a fazer parte do plano. O reitor da UFT, Lu\u00eds Eduardo Bovolato, elogiou a iniciativa. \u201cEssa articula\u00e7\u00e3o \u00e9 necess\u00e1ria. O foco, a articula\u00e7\u00e3o pol\u00edtica e a objetividade da senadora K\u00e1tia s\u00e3o necess\u00e1rios para que o projeto aconte\u00e7a\u201d, avaliou.<\/p>\n<p>A senadora fez a apresenta\u00e7\u00e3o dos dados macro e micro econ\u00f4micos do Tocantins, mostrando a necessidade de criar fortalecimento dos munic\u00edpios das regi\u00f5es escolhidas para promover o desenvolvimento econ\u00f4mico e social de cada localidade. <\/p>\n<p>No levantamento feito por K\u00e1tia Abreu, as regi\u00f5es do Bico do Papagaio, Pedro Afonso e Sudeste, o potencial para o desenvolvimento \u00e9 alimentar as cadeias produtivas na agropecu\u00e1ria. Na regi\u00e3o do Jalap\u00e3o \u00e9 o turismo e artesanato.&nbsp; <\/p>\n<p>\u201cPrecisamos fortalecer a economia pra ter desenvolvimento nessas regi\u00f5es e melhorar a vida da popula\u00e7\u00e3o de cada cidade abrangida pelo plano\u201d, anunciou K\u00e1tia.<\/p>\n<p>K\u00e1tia prop\u00f5e a cria\u00e7\u00e3o dos cons\u00f3rcios municipais para agilizar o atendimento das necessidades priorit\u00e1rias das prefeituras como asfalto e outras obras. Para promover crescimento econ\u00f4mico, a senadora quer mobilizar a cria\u00e7\u00e3o de cooperativas.<\/p>\n<p>Na reuni\u00e3o desta segunda-feira (6), que durou mais de quatro horas, a UFT apresentou estudos que v\u00e3o compor o plano. As a\u00e7\u00f5es s\u00e3o baseadas em cinco eixos: Governan\u00e7a, Economia, Social, Infraestrutura e Inova\u00e7\u00e3o e Tecnologia.<\/p>\n<p>A primeira reuni\u00e3o entre prefeitos, vereadores, l\u00edderes e empres\u00e1rios para anunciar o plano aconteceu, na \u00faltima sexta-feira (3), em Pedro Afonso com 11 munic\u00edpios vizinhos. <\/p>\n<p>\u201cAs cidades que v\u00e3o sediar as reuni\u00f5es do plano de desenvolvimento regional s\u00e3o as que t\u00eam o potencial de articula\u00e7\u00e3o e integra\u00e7\u00e3o com os demais munic\u00edpios\u201d, explicou K\u00e1tia Abreu.<\/p>\n<p>O Plano de Desenvolvimento Regional dos Munic\u00edpios ser\u00e1 levado pela senadora K\u00e1tia a cada uma das regi\u00f5es.<\/p>\n<!-- AddThis Advanced Settings generic via filter on the_content --><!-- AddThis Share Buttons generic via filter on the_content -->","protected":false},"excerpt":{"rendered":"<p>K\u00e1tia Abreu reuniu, nessa segunda-feira (6), em Palmas, entidades representativas e institui\u00e7\u00f5es para detalhar o Plano de Desenvolvimento Regional dos Munic\u00edpios.&nbsp; Esses organismos, al\u00e9m de sugerir programas que s\u00e3o an\u00e1logos ao plano, ir\u00e3o auxiliar na execu\u00e7\u00e3o das a\u00e7\u00f5es previstas. Estiveram na reuni\u00e3o a Universidade Federal do Tocantins (UFT), Instituto Federal do Tocantins (IFTO), Unitins, &nbsp;Sebrae\/TO,&#8230;<!-- AddThis Advanced Settings generic via filter on wp_trim_excerpt --><!-- AddThis Share Buttons generic via filter on wp_trim_excerpt --><\/p>\n","protected":false},"author":17,"featured_media":64425,"comment_status":"closed","ping_status":"closed","sticky":false,"template":"","format":"standard","meta":{"_monsterinsights_skip_tracking":false,"_monsterinsights_sitenote_active":false,"_monsterinsights_sitenote_note":"","_monsterinsights_sitenote_category":0,"_uf_show_specific_survey":0,"_uf_disable_surveys":false,"footnotes":""},"categories":[1390,1402],"tags":[],"class_list":["post-64422","post","type-post","status-publish","format-standard","has-post-thumbnail","hentry","category-editorias","category-cidades"],"acf":[],"_links":{"self":[{"href":"https:\/\/pdt-rj.org.br\/index.php\/wp-json\/wp\/v2\/posts\/64422","targetHints":{"allow":["GET"]}}],"collection":[{"href":"https:\/\/pdt-rj.org.br\/index.php\/wp-json\/wp\/v2\/posts"}],"about":[{"href":"https:\/\/pdt-rj.org.br\/index.php\/wp-json\/wp\/v2\/types\/post"}],"author":[{"embeddable":true,"href":"https:\/\/pdt-rj.org.br\/index.php\/wp-json\/wp\/v2\/users\/17"}],"replies":[{"embeddable":true,"href":"https:\/\/pdt-rj.org.br\/index.php\/wp-json\/wp\/v2\/comments?post=64422"}],"version-history":[{"count":4,"href":"https:\/\/pdt-rj.org.br\/index.php\/wp-json\/wp\/v2\/posts\/64422\/revisions"}],"predecessor-version":[{"id":64427,"href":"https:\/\/pdt-rj.org.br\/index.php\/wp-json\/wp\/v2\/posts\/64422\/revisions\/64427"}],"wp:featuredmedia":[{"embeddable":true,"href":"https:\/\/pdt-rj.org.br\/index.php\/wp-json\/wp\/v2\/media\/64425"}],"wp:attachment":[{"href":"https:\/\/pdt-rj.org.br\/index.php\/wp-json\/wp\/v2\/media?parent=64422"}],"wp:term":[{"taxonomy":"category","embeddable":true,"href":"https:\/\/pdt-rj.org.br\/index.php\/wp-json\/wp\/v2\/categories?post=64422"},{"taxonomy":"post_tag","embeddable":true,"href":"https:\/\/pdt-rj.org.br\/index.php\/wp-json\/wp\/v2\/tags?post=64422"}],"curies":[{"name":"wp","href":"https:\/\/api.w.org\/{rel}","templated":true}]}}