{"id":64416,"date":"2019-05-08T15:06:43","date_gmt":"2019-05-08T18:06:43","guid":{"rendered":"http:\/\/pdt-rj.org.br\/?p=64416"},"modified":"2019-05-08T15:06:45","modified_gmt":"2019-05-08T18:06:45","slug":"oposicao-decide-obstruir-votacoes-em-retaliacao-ao-corte-de-verbas-nas-universidades","status":"publish","type":"post","link":"https:\/\/pdt-rj.org.br\/index.php\/oposicao-decide-obstruir-votacoes-em-retaliacao-ao-corte-de-verbas-nas-universidades\/","title":{"rendered":"Oposi\u00e7\u00e3o decide obstruir vota\u00e7\u00f5es em retalia\u00e7\u00e3o ao corte de verbas nas universidades"},"content":{"rendered":"<p>Por sugest\u00e3o do deputado Idilvan Alencar (PDT-CE), a oposi\u00e7\u00e3o decidiu obstruir as vota\u00e7\u00f5es na C\u00e2mara at\u00e9 a recomposi\u00e7\u00e3o do or\u00e7amento das universidades e institutos federais. O deputado apresentou a sugest\u00e3o durante reuni\u00e3o da Frente pela Valoriza\u00e7\u00e3o das Universidade Federais nessa ter\u00e7a-feira (7).<\/p>\n<p>No final de abril o ministro da Educa\u00e7\u00e3o, Abraham Weintraub, anunciou corte de 30% nas verbas para as universidades. De acordo com Idilvan, essa a\u00e7\u00e3o est\u00e1 prejudicando estudantes do Brasil. <\/p>\n<p>\u201cEssa quest\u00e3o est\u00e1 acima dos partidos, essa situa\u00e7\u00e3o torna invi\u00e1vel a educa\u00e7\u00e3o p\u00fablica de n\u00edvel superior, prejudicando milhares de estudantes de gradua\u00e7\u00e3o e p\u00f3s-gradua\u00e7\u00e3o em todo o pa\u00eds\u201d, afirmou o deputado.<\/p>\n<!-- AddThis Advanced Settings generic via filter on the_content --><!-- AddThis Share Buttons generic via filter on the_content -->","protected":false},"excerpt":{"rendered":"<p>Por sugest\u00e3o do deputado Idilvan Alencar (PDT-CE), a oposi\u00e7\u00e3o decidiu obstruir as vota\u00e7\u00f5es na C\u00e2mara at\u00e9 a recomposi\u00e7\u00e3o do or\u00e7amento das universidades e institutos federais. O deputado apresentou a sugest\u00e3o durante reuni\u00e3o da Frente pela Valoriza\u00e7\u00e3o das Universidade Federais nessa ter\u00e7a-feira (7). No final de abril o ministro da Educa\u00e7\u00e3o, Abraham Weintraub, anunciou corte de&#8230;<!-- AddThis Advanced Settings generic via filter on wp_trim_excerpt --><!-- AddThis Share Buttons generic via filter on wp_trim_excerpt --><\/p>\n","protected":false},"author":17,"featured_media":64417,"comment_status":"closed","ping_status":"closed","sticky":false,"template":"","format":"standard","meta":{"_monsterinsights_skip_tracking":false,"_monsterinsights_sitenote_active":false,"_monsterinsights_sitenote_note":"","_monsterinsights_sitenote_category":0,"_uf_show_specific_survey":0,"_uf_disable_surveys":false,"footnotes":""},"categories":[1390,1459],"tags":[],"class_list":["post-64416","post","type-post","status-publish","format-standard","has-post-thumbnail","hentry","category-editorias","category-congresso"],"acf":[],"_links":{"self":[{"href":"https:\/\/pdt-rj.org.br\/index.php\/wp-json\/wp\/v2\/posts\/64416","targetHints":{"allow":["GET"]}}],"collection":[{"href":"https:\/\/pdt-rj.org.br\/index.php\/wp-json\/wp\/v2\/posts"}],"about":[{"href":"https:\/\/pdt-rj.org.br\/index.php\/wp-json\/wp\/v2\/types\/post"}],"author":[{"embeddable":true,"href":"https:\/\/pdt-rj.org.br\/index.php\/wp-json\/wp\/v2\/users\/17"}],"replies":[{"embeddable":true,"href":"https:\/\/pdt-rj.org.br\/index.php\/wp-json\/wp\/v2\/comments?post=64416"}],"version-history":[{"count":2,"href":"https:\/\/pdt-rj.org.br\/index.php\/wp-json\/wp\/v2\/posts\/64416\/revisions"}],"predecessor-version":[{"id":64419,"href":"https:\/\/pdt-rj.org.br\/index.php\/wp-json\/wp\/v2\/posts\/64416\/revisions\/64419"}],"wp:featuredmedia":[{"embeddable":true,"href":"https:\/\/pdt-rj.org.br\/index.php\/wp-json\/wp\/v2\/media\/64417"}],"wp:attachment":[{"href":"https:\/\/pdt-rj.org.br\/index.php\/wp-json\/wp\/v2\/media?parent=64416"}],"wp:term":[{"taxonomy":"category","embeddable":true,"href":"https:\/\/pdt-rj.org.br\/index.php\/wp-json\/wp\/v2\/categories?post=64416"},{"taxonomy":"post_tag","embeddable":true,"href":"https:\/\/pdt-rj.org.br\/index.php\/wp-json\/wp\/v2\/tags?post=64416"}],"curies":[{"name":"wp","href":"https:\/\/api.w.org\/{rel}","templated":true}]}}