{"id":64351,"date":"2019-05-06T16:47:08","date_gmt":"2019-05-06T19:47:08","guid":{"rendered":"http:\/\/pdt-rj.org.br\/?p=64351"},"modified":"2019-05-06T18:14:49","modified_gmt":"2019-05-06T21:14:49","slug":"contribuicao-partidaria","status":"publish","type":"post","link":"https:\/\/pdt-rj.org.br\/index.php\/contribuicao-partidaria\/","title":{"rendered":"Contribui\u00e7\u00e3o Partid\u00e1ria"},"content":{"rendered":"<p>A Executiva Nacional do PDT informa que cada dire\u00e7\u00e3o do partido, nas esferas nacional, estadual e municipal, deve priorizar o equil\u00edbrio de sua gest\u00e3o financeira para o cumprimento da obrigatoriedade da contribui\u00e7\u00e3o partid\u00e1ria, conforme aprovado em Conven\u00e7\u00e3o Nacional, realizada em mar\u00e7o deste ano.  <\/p>\n<p>A Dire\u00e7\u00e3o Nacional lembra que, de acordo com o Estatuto do partido, al\u00e9m dos membros de diret\u00f3rios, em todas as esferas partid\u00e1rias, a referida obrigatoriedade abrange todos detentores de mandatos legislativos e executivos e comissionados nomeados em seus gabinetes.<\/p>\n<p>Ainda de acordo com o Estatuto, o partido ressalta as penalidades previstas quanto ao n\u00e3o cumprimento da norma e salienta a import\u00e2ncia de se manter as contas em dias como forma de se garantir a tranquilidade necess\u00e1ria &#8220;para que possamos iniciar nossa caminhada fact\u00edvel aos anseios de nossa popula\u00e7\u00e3o pelo direito \u00e0 educa\u00e7\u00e3o, \u00e0 sa\u00fade e ao trabalho pleno&#8221;.<\/p>\n<p>Veja a \u00edntegra do <a href=\"http:\/\/pdt-rj.org.br\/wp-content\/uploads\/2019\/05\/Ofi\u0301cio-Circular-Secretaria-Nacional-003-2019.pdf\"><strong>Of\u00edcio Circular<\/strong><\/a>. <\/p><\/p>\n<!-- AddThis Advanced Settings generic via filter on the_content --><!-- AddThis Share Buttons generic via filter on the_content -->","protected":false},"excerpt":{"rendered":"<p>A Executiva Nacional do PDT informa que cada dire\u00e7\u00e3o do partido, nas esferas nacional, estadual e municipal, deve priorizar o equil\u00edbrio de sua gest\u00e3o financeira para o cumprimento da obrigatoriedade da contribui\u00e7\u00e3o partid\u00e1ria, conforme aprovado em Conven\u00e7\u00e3o Nacional, realizada em mar\u00e7o deste ano. A Dire\u00e7\u00e3o Nacional lembra que, de acordo com o Estatuto do partido,&#8230;<!-- AddThis Advanced Settings generic via filter on wp_trim_excerpt --><!-- AddThis Share Buttons generic via filter on wp_trim_excerpt --><\/p>\n","protected":false},"author":17,"featured_media":53694,"comment_status":"closed","ping_status":"closed","sticky":false,"template":"","format":"standard","meta":{"_monsterinsights_skip_tracking":false,"_monsterinsights_sitenote_active":false,"_monsterinsights_sitenote_note":"","_monsterinsights_sitenote_category":0,"_uf_show_specific_survey":0,"_uf_disable_surveys":false,"footnotes":""},"categories":[1390],"tags":[],"class_list":["post-64351","post","type-post","status-publish","format-standard","has-post-thumbnail","hentry","category-editorias"],"acf":[],"_links":{"self":[{"href":"https:\/\/pdt-rj.org.br\/index.php\/wp-json\/wp\/v2\/posts\/64351","targetHints":{"allow":["GET"]}}],"collection":[{"href":"https:\/\/pdt-rj.org.br\/index.php\/wp-json\/wp\/v2\/posts"}],"about":[{"href":"https:\/\/pdt-rj.org.br\/index.php\/wp-json\/wp\/v2\/types\/post"}],"author":[{"embeddable":true,"href":"https:\/\/pdt-rj.org.br\/index.php\/wp-json\/wp\/v2\/users\/17"}],"replies":[{"embeddable":true,"href":"https:\/\/pdt-rj.org.br\/index.php\/wp-json\/wp\/v2\/comments?post=64351"}],"version-history":[{"count":14,"href":"https:\/\/pdt-rj.org.br\/index.php\/wp-json\/wp\/v2\/posts\/64351\/revisions"}],"predecessor-version":[{"id":64396,"href":"https:\/\/pdt-rj.org.br\/index.php\/wp-json\/wp\/v2\/posts\/64351\/revisions\/64396"}],"wp:featuredmedia":[{"embeddable":true,"href":"https:\/\/pdt-rj.org.br\/index.php\/wp-json\/wp\/v2\/media\/53694"}],"wp:attachment":[{"href":"https:\/\/pdt-rj.org.br\/index.php\/wp-json\/wp\/v2\/media?parent=64351"}],"wp:term":[{"taxonomy":"category","embeddable":true,"href":"https:\/\/pdt-rj.org.br\/index.php\/wp-json\/wp\/v2\/categories?post=64351"},{"taxonomy":"post_tag","embeddable":true,"href":"https:\/\/pdt-rj.org.br\/index.php\/wp-json\/wp\/v2\/tags?post=64351"}],"curies":[{"name":"wp","href":"https:\/\/api.w.org\/{rel}","templated":true}]}}