{"id":64285,"date":"2019-05-02T15:13:01","date_gmt":"2019-05-02T18:13:01","guid":{"rendered":"http:\/\/pdt-rj.org.br\/?p=64285"},"modified":"2019-05-06T12:26:51","modified_gmt":"2019-05-06T15:26:51","slug":"novo-mec-velho-mec","status":"publish","type":"post","link":"https:\/\/pdt-rj.org.br\/index.php\/novo-mec-velho-mec\/","title":{"rendered":"Novo MEC, velho MEC"},"content":{"rendered":"<p>A cada dia a nova gest\u00e3o do Minist\u00e9rio da Educa\u00e7\u00e3o se aproxima da gest\u00e3o V\u00e9lez Rodr\u00edguez e de sua in\u00fatil pauta de &#8220;guerra ideol\u00f3gica&#8221;. Depois do ataque aos cursos de Sociologia e Filosofia e do apoio \u00e0 aluna que filmou uma professora em sala de aula com objetivos pol\u00edticos, agora \u00e9 a vez de atacar o patrono da educa\u00e7\u00e3o brasileira, Paulo Freire, e cortar recursos de universidades federais que promovam &#8220;balb\u00fardia e eventos rid\u00edculos&#8221; em suas instala\u00e7\u00f5es, sem qualquer crit\u00e9rio objetivo para justificar tais cortes.<\/p>\n<p>O ataque a Paulo Freire partiu do pr\u00f3prio presidente Bolsonaro, ao revelar em entrevista inten\u00e7\u00e3o de mudar o patrono da educa\u00e7\u00e3o brasileira sem qualquer justificativa. Freire \u00e9 um dos educadores mais respeitados no mundo, com pelo menos 35 t\u00edtulos Honoris Causa de universidades da Europa e da Am\u00e9rica. Seu livro &#8220;A Pedagogia do Oprimido&#8221; \u00e9 o terceiro mais citado em trabalhos acad\u00eamicos na \u00e1rea de Humanas no mundo.<\/p>\n<p>A outra nota lament\u00e1vel do &#8220;novo MEC, velho MEC&#8221; veio do ministro Weintraub, ao anunciar que tr\u00eas universidades federais &#8211; da Bahia, de Bras\u00edlia e Federal Fluminense &#8211; tiveram seus recursos cortados por &#8220;balb\u00fardia ou evento rid\u00edculo&#8221;, sem qualquer crit\u00e9rio objetivo, em evidente desrespeito \u00e0 autonomia universit\u00e1ria e numa clara medida de retalia\u00e7\u00e3o contra essas universidades. Medidas vir\u00e3o contra outras institui\u00e7\u00f5es que n\u00e3o digam am\u00e9m \u00e0 cartilha do MEC e do projeto Escola Sem Partido. Isso \u00e9 autoritarismo puro. As universidades j\u00e1 enfrentam dificuldades com cortes or\u00e7ament\u00e1rios e agora ainda precisam seguir cartilha ideol\u00f3gica para acessar os recursos.<\/p>\n<p>Mais uma vez, o meu apelo \u00e9 para que o Minist\u00e9rio da Educa\u00e7\u00e3o se preocupe com os temas reais da educa\u00e7\u00e3o brasileira e n\u00e3o com essa fantasia de &#8220;guerra ideol\u00f3gica&#8221;. Precisamos de mais creches, mais qualidade na educa\u00e7\u00e3o b\u00e1sica, mais atratividade para o ensino m\u00e9dio, mais acesso no ensino superior, mais recursos para pesquisa e inova\u00e7\u00e3o e mais gest\u00e3o e recursos para todas as etapas e modalidades, al\u00e9m de melhores sal\u00e1rios e condi\u00e7\u00f5es de trabalho para os professores.<\/p>\n<p>N\u00e3o vamos tirar o Brasil do seu atraso educacional com ataques a professores, educadores, diretores de escola e universidades. Educa\u00e7\u00e3o se faz com ideias e projetos e n\u00e3o com discurso vazio.<\/p>\n<p><strong><em>*Idilvan Alencar \u00e9 deputado federal pelo PDT do Cear\u00e1.<\/em><\/strong><\/p>\n<!-- AddThis Advanced Settings generic via filter on the_content --><!-- AddThis Share Buttons generic via filter on the_content -->","protected":false},"excerpt":{"rendered":"<p>A cada dia a nova gest\u00e3o do Minist\u00e9rio da Educa\u00e7\u00e3o se aproxima da gest\u00e3o V\u00e9lez Rodr\u00edguez e de sua in\u00fatil pauta de &#8220;guerra ideol\u00f3gica&#8221;. Depois do ataque aos cursos de Sociologia e Filosofia e do apoio \u00e0 aluna que filmou uma professora em sala de aula com objetivos pol\u00edticos, agora \u00e9 a vez de atacar&#8230;<!-- AddThis Advanced Settings generic via filter on wp_trim_excerpt --><!-- AddThis Share Buttons generic via filter on wp_trim_excerpt --><\/p>\n","protected":false},"author":17,"featured_media":64286,"comment_status":"closed","ping_status":"closed","sticky":false,"template":"","format":"standard","meta":{"_monsterinsights_skip_tracking":false,"_monsterinsights_sitenote_active":false,"_monsterinsights_sitenote_note":"","_monsterinsights_sitenote_category":0,"_uf_show_specific_survey":0,"_uf_disable_surveys":false,"footnotes":""},"categories":[1584,1459,976],"tags":[],"class_list":["post-64285","post","type-post","status-publish","format-standard","has-post-thumbnail","hentry","category-artigos","category-congresso","category-noticias-em-destaque"],"acf":[],"_links":{"self":[{"href":"https:\/\/pdt-rj.org.br\/index.php\/wp-json\/wp\/v2\/posts\/64285","targetHints":{"allow":["GET"]}}],"collection":[{"href":"https:\/\/pdt-rj.org.br\/index.php\/wp-json\/wp\/v2\/posts"}],"about":[{"href":"https:\/\/pdt-rj.org.br\/index.php\/wp-json\/wp\/v2\/types\/post"}],"author":[{"embeddable":true,"href":"https:\/\/pdt-rj.org.br\/index.php\/wp-json\/wp\/v2\/users\/17"}],"replies":[{"embeddable":true,"href":"https:\/\/pdt-rj.org.br\/index.php\/wp-json\/wp\/v2\/comments?post=64285"}],"version-history":[{"count":4,"href":"https:\/\/pdt-rj.org.br\/index.php\/wp-json\/wp\/v2\/posts\/64285\/revisions"}],"predecessor-version":[{"id":64331,"href":"https:\/\/pdt-rj.org.br\/index.php\/wp-json\/wp\/v2\/posts\/64285\/revisions\/64331"}],"wp:featuredmedia":[{"embeddable":true,"href":"https:\/\/pdt-rj.org.br\/index.php\/wp-json\/wp\/v2\/media\/64286"}],"wp:attachment":[{"href":"https:\/\/pdt-rj.org.br\/index.php\/wp-json\/wp\/v2\/media?parent=64285"}],"wp:term":[{"taxonomy":"category","embeddable":true,"href":"https:\/\/pdt-rj.org.br\/index.php\/wp-json\/wp\/v2\/categories?post=64285"},{"taxonomy":"post_tag","embeddable":true,"href":"https:\/\/pdt-rj.org.br\/index.php\/wp-json\/wp\/v2\/tags?post=64285"}],"curies":[{"name":"wp","href":"https:\/\/api.w.org\/{rel}","templated":true}]}}