{"id":64283,"date":"2019-05-02T16:53:46","date_gmt":"2019-05-02T19:53:46","guid":{"rendered":"http:\/\/pdt-rj.org.br\/?p=64283"},"modified":"2019-05-06T17:19:36","modified_gmt":"2019-05-06T20:19:36","slug":"tarso-genro-jango-foi-o-primeiro-grande-estadista-do-brasil-moderno-um-pioneiro","status":"publish","type":"post","link":"https:\/\/pdt-rj.org.br\/index.php\/tarso-genro-jango-foi-o-primeiro-grande-estadista-do-brasil-moderno-um-pioneiro\/","title":{"rendered":"Tarso Genro: \u201cJango foi o primeiro grande estadista do Brasil moderno, um pioneiro\u201d"},"content":{"rendered":"<p>Em 1971, por conta do recrudescimento da repress\u00e3o pol\u00edtica, o jovem vereador Tarso Genro, do MDB de Santa Maria, atuante na defesa de sindicatos e sindicalistas, viu-se obrigado a sair do Brasil para se preservar at\u00e9 fisicamente. Ga\u00facho da fronteira, s\u00e3o-borjense de nascimento, Tarso j\u00e1 conhecia o presidente Jo\u00e3o Goulart desde 1966, ou 1967, quando o visitara no ex\u00edlio, acompanhando o seu pai \u2013 amigo e correligion\u00e1rio do Presidente deposto. \u201cMeu pai foi fazer uma visita a Jango; fui junto, passamos uma tarde conversando\u201d.<\/p>\n<p>Da segunda vez, no in\u00edcio de 1971, foi diferente. Pediu abrigo a Jango na propriedade dele, em Taquaremb\u00f3, na Argentina, e ficou l\u00e1 por cerca de 30 dias \u2013 per\u00edodo em que conviveu diretamente com Jango \u201ceventualmente, conversando com ele por tr\u00eas, quatro dias, \u00e0s vezes, por semana\u201d. Por isto o ex-ministro por duas vezes no governo Lula (Justi\u00e7a e Educa\u00e7\u00e3o), ex-governador do Rio Grande do Sul, ex-deputado federal e ex-prefeito de Porto Alegre por dois mandatos, lembra de Jango com muito carinho.<\/p>\n<p>\u201cO presidente Jo\u00e3o Goulart \u00e9 grande personalidade da hist\u00f3ria do pa\u00eds, da hist\u00f3ria moderna do Brasil , junto com os presidentes Lula e Juscelino Kubistchek, tamb\u00e9m presidentes injusti\u00e7ados pela direita, pelo oligop\u00f3lio da m\u00eddia e pelas classes dominantes do pa\u00eds\u201d, argumentou Tarso. Para ele &nbsp;Jango foi um pioneiro, porque foi o primeiro a defender a reforma agr\u00e1ria, \u2013 mesmo sendo grande propriet\u00e1rio de terras, \u201co que s\u00f3 valoriza a posi\u00e7\u00e3o dele\u201d \u2013, a reforma banc\u00e1ria, a reforma urbana e a reforma do sistema previdenci\u00e1rio.<\/p>\n<p>Tarso Genro v\u00ea a Campanha da Legalidade liderada por Brizola como \u201co primeiro momento de viol\u00eancia contra o presidente Jo\u00e3o Goulart\u201d e tamb\u00e9m agress\u00e3o \u201c\u00e0s grandes demandas populares que capitaneava\u201d, mesmo pressionado pelo imperialismo americano que, em 1964, implementou o golpe para derrub\u00e1-lo. <\/p>\n<p>O golpe e o ex\u00edlio separaram Jango do povo e causaram grande sofrimento pessoal para ele, segundo Tarso. Isto porque ele \u2013 \u00e0 frente do seu tempo \u2013 quis transformar o capitalismo brasileiro, humanizando-o nos princ\u00edpios da democracia social vigentes na Europa. Jango quis reorganizar o Estado brasileiro atrav\u00e9s do di\u00e1logo, das mobiliza\u00e7\u00f5es sociais, na linha da social democracia para que o Brasil n\u00e3o fosse apenas um Estado-pol\u00edcia de sustenta\u00e7\u00e3o da propriedade privada e de privil\u00e9gios.<\/p>\n<p>Na opini\u00e3o de Tarso, Jango quis criar um Estado social, compatibilizando os interesses das classes sociais em disputa para alavancar o Brasil \u201cpara um patamar superior, de civilidade democr\u00e1tica e desenvolvimento social\u201d. Por isto, quando os vencedores de 64 afirmam que Jango abrigava comunistas em seu governo, considera o fato uma mistifica\u00e7\u00e3o completa, porque \u201cos comunistas sempre tiveram uma presen\u00e7a pol\u00edtica importantes no Brasil; sempre participaram das lutas sociais\u201d.<\/p>\n<p>Tamb\u00e9m considera \u201cbobagem rematada\u201d os que afirmam que Jango foi deposto por corrup\u00e7\u00e3o. Cita o fato de que n\u00e3o conseguiram provar nada<br \/>contra a integridade dele, porque ele \u201cfoi deposto por suas virtudes; n\u00e3o por eventuais erros que tenha cometido no governo\u201d.<\/p>\n<p>Tarso acrescentou: \u201cEu diria que o presidente Jo\u00e3o Goulart foi o primeiro susto \u2013 brutal! \u2013 que o Brasil arcaico deu no Brasil que queria se modernizar; que queria, efetivamente, se democratizar. E este susto, depois, foi prosseguindo\u2026 foi prosseguindo\u2026 e hoje est\u00e1 estratificado, consolidado\u201d.<\/p>\n<p>Prova disto \u201cfoi este golpe contra a presidente Dilma e contra todo o patrim\u00f4nio pol\u00edtico, intelectual, moral e econ\u00f4mico deixado pelo presidente Jo\u00e3o Goulart para o pa\u00eds\u201d. Isto depois de os governos do presidente Lula, \u201cdo Brasil que distribuiu renda; se desenvolveu e cresceu\u201d. <\/p>\n<p>Tarso Genro entende que o poder efetivo das classes dominantes no Brasil n\u00e3o se reduziu: da\u00ed o golpe contra a presidente Dilma \u201cpara levar o pa\u00eds para esse atraso pol\u00edtico, social e moral que se encontra hoje\u201d. Atraso que gerou Bolsonaro \u201ce lan\u00e7ou o pa\u00eds num po\u00e7o de \u00f3dio, viol\u00eancia e tamb\u00e9m de mortandade que vir\u00e1 com essas reformas que Moro quer fazer, permitindo que a pol\u00edcia mate, praticamente, livremente\u201d. <\/p>\n<p>\u201cO Brasil vive um inferno astral, na pior situa\u00e7\u00e3o de nossa Hist\u00f3ria. Tomara que isto se supere. Tomara que a democracia ven\u00e7a. Tomara que n\u00f3s tenhamos homens, de novo, como o presidente Jo\u00e3o Goulart, como o presidente Lula, como o presidente Juscelino &#8211; para que o Brasil volte para a trilha do desenvolvimento e da democracia\u201d.<\/p>\n<p>Em seu depoimento \u00e0 Christopher Goulart, Tarso Genro tra\u00e7ou um paralelo entre a soberania nacional nos tempos de Jango e nos dias de hoje: \u201cNa \u00e9poca do presidente Jo\u00e3o Goulart, era uma soberania nacional que voc\u00ea estava contra o imperialismo, exclusivamente. Hoje, ela se d\u00e1 atrav\u00e9s de rela\u00e7\u00f5es, diversificadas, de coopera\u00e7\u00e3o com autodetermina\u00e7\u00e3o. E esta coopera\u00e7\u00e3o n\u00e3o pode excluir ningu\u00e9m. Ent\u00e3o, um pa\u00eds soberano, hoje, tem que negociar com os Estados Unidos, com a Uni\u00e3o Europeia, com a China; tem que negociar com a R\u00fassia\u201d.<\/p>\n<p>Fechando seu depoimento (\u201cdefinir o presidente Jo\u00e3o Goulart em uma frase\u201d), Tarso preferiu contar uma das conversas que teve com Jango, em Taquaremb\u00f3, em 1971: <\/p>\n<p>&#8220;O presidente Jo\u00e3o Goulart era um ser humano extraordin\u00e1rio. (\u2026) Era [uma pessoa] t\u00e3o compreensiva, t\u00e3o politizada e t\u00e3o humana que se deu ao trabalho de ter uma conversa com um jovem de 24 anos: exibido; que achava que sabia tudo. (\u2026) Ele, pacientemente, explicou o que foi o seu governo; o que foi sua vida; qual era o seu projeto de mundo; qual era o seu projeto de Brasil. Este era o presidente Jo\u00e3o Goulart. E o jovem exibido, era eu&#8221;. <\/p>\n<p>E concluiu: \u201cO governo Jango foi reformista e revolucion\u00e1rio\u201d. Reformista no sentido econ\u00f4mico; e revolucion\u00e1rio no sentido democr\u00e1tico: nele, sindicalistas, oper\u00e1rios e confedera\u00e7\u00f5es puderam se sentar \u00e0 mesa para conversar diretamente com o Presidente para apresentar suas demandas e vis\u00f5es de Brasil; algo poss\u00edvel apenas para grandes empres\u00e1rios, banqueiros e latifundi\u00e1rios \u2013 detentores do poder econ\u00f4mico. <\/p>\n<p>Por isto, para Tarso Genro, Jo\u00e3o Goulart iniciou uma revolu\u00e7\u00e3o democr\u00e1tica a partir de sua ascens\u00e3o ao poder em setembro de 1961: \u201cJango foi o primeiro grande estadista do Brasil moderno,\u00a0 um pioneiro\u201d. <\/p>\n<p>Confira a entrevista completa abaixo:<\/p>\n<figure class=\"wp-block-embed-youtube wp-block-embed is-type-video is-provider-youtube wp-embed-aspect-16-9 wp-has-aspect-ratio\">\n<div class=\"wp-block-embed__wrapper\">\n<iframe loading=\"lazy\" title=\"TARSO GENRO: \u201cJANGO FOI UM PRESIDENTE REFORMISTA E REVOLUCION\u00c1RIO\u201d.\" width=\"640\" height=\"360\" src=\"https:\/\/www.youtube.com\/embed\/4LvKBIdRtGQ?feature=oembed\" frameborder=\"0\" allow=\"accelerometer; autoplay; clipboard-write; encrypted-media; gyroscope; picture-in-picture; web-share\" referrerpolicy=\"strict-origin-when-cross-origin\" allowfullscreen><\/iframe>\n<\/div>\n<\/figure>\n<!-- AddThis Advanced Settings generic via filter on the_content --><!-- AddThis Share Buttons generic via filter on the_content -->","protected":false},"excerpt":{"rendered":"<p>Em 1971, por conta do recrudescimento da repress\u00e3o pol\u00edtica, o jovem vereador Tarso Genro, do MDB de Santa Maria, atuante na defesa de sindicatos e sindicalistas, viu-se obrigado a sair do Brasil para se preservar at\u00e9 fisicamente. Ga\u00facho da fronteira, s\u00e3o-borjense de nascimento, Tarso j\u00e1 conhecia o presidente Jo\u00e3o Goulart desde 1966, ou 1967, quando&#8230;<!-- AddThis Advanced Settings generic via filter on wp_trim_excerpt --><!-- AddThis Share Buttons generic via filter on wp_trim_excerpt --><\/p>\n","protected":false},"author":17,"featured_media":64290,"comment_status":"closed","ping_status":"closed","sticky":false,"template":"","format":"standard","meta":{"_monsterinsights_skip_tracking":false,"_monsterinsights_sitenote_active":false,"_monsterinsights_sitenote_note":"","_monsterinsights_sitenote_category":0,"_uf_show_specific_survey":0,"_uf_disable_surveys":false,"footnotes":""},"categories":[1390,3230],"tags":[],"class_list":["post-64283","post","type-post","status-publish","format-standard","has-post-thumbnail","hentry","category-editorias","category-centenario-de-jango"],"acf":[],"_links":{"self":[{"href":"https:\/\/pdt-rj.org.br\/index.php\/wp-json\/wp\/v2\/posts\/64283","targetHints":{"allow":["GET"]}}],"collection":[{"href":"https:\/\/pdt-rj.org.br\/index.php\/wp-json\/wp\/v2\/posts"}],"about":[{"href":"https:\/\/pdt-rj.org.br\/index.php\/wp-json\/wp\/v2\/types\/post"}],"author":[{"embeddable":true,"href":"https:\/\/pdt-rj.org.br\/index.php\/wp-json\/wp\/v2\/users\/17"}],"replies":[{"embeddable":true,"href":"https:\/\/pdt-rj.org.br\/index.php\/wp-json\/wp\/v2\/comments?post=64283"}],"version-history":[{"count":17,"href":"https:\/\/pdt-rj.org.br\/index.php\/wp-json\/wp\/v2\/posts\/64283\/revisions"}],"predecessor-version":[{"id":64387,"href":"https:\/\/pdt-rj.org.br\/index.php\/wp-json\/wp\/v2\/posts\/64283\/revisions\/64387"}],"wp:featuredmedia":[{"embeddable":true,"href":"https:\/\/pdt-rj.org.br\/index.php\/wp-json\/wp\/v2\/media\/64290"}],"wp:attachment":[{"href":"https:\/\/pdt-rj.org.br\/index.php\/wp-json\/wp\/v2\/media?parent=64283"}],"wp:term":[{"taxonomy":"category","embeddable":true,"href":"https:\/\/pdt-rj.org.br\/index.php\/wp-json\/wp\/v2\/categories?post=64283"},{"taxonomy":"post_tag","embeddable":true,"href":"https:\/\/pdt-rj.org.br\/index.php\/wp-json\/wp\/v2\/tags?post=64283"}],"curies":[{"name":"wp","href":"https:\/\/api.w.org\/{rel}","templated":true}]}}