{"id":64257,"date":"2019-04-30T16:56:25","date_gmt":"2019-04-30T19:56:25","guid":{"rendered":"http:\/\/pdt-rj.org.br\/?p=64257"},"modified":"2019-05-06T12:28:58","modified_gmt":"2019-05-06T15:28:58","slug":"tabata-amaral-questiona-mec-sobre-corte-de-verba-das-universidades-federais","status":"publish","type":"post","link":"https:\/\/pdt-rj.org.br\/index.php\/tabata-amaral-questiona-mec-sobre-corte-de-verba-das-universidades-federais\/","title":{"rendered":"Tabata Amaral questiona MEC sobre corte de verba das universidades federais"},"content":{"rendered":"<p>A&nbsp;deputada Tabata Amaral (PDT-SP)&nbsp;protocolou hoje um requerimento de informa\u00e7\u00f5es ao ministro da Educa\u00e7\u00e3o, Abraham Weintraub, sobre o corte de recursos das universidades que n\u00e3o apresentarem desempenho acad\u00eamico esperado e, ao mesmo tempo, estiverem promovendo \u201cbalb\u00fardia\u201d em seus campus. <\/p>\n<p>\u201cO requerimento de informa\u00e7\u00e3o tem como objetivo clarificar os motivos pelos quais os cortes foram adotados, a fim de averiguar se o Ministro da Educa\u00e7\u00e3o atua em conson\u00e2ncia com os princ\u00edpios da Constitui\u00e7\u00e3o Federal\u201d, diz o requerimento.<\/p>\n<p>Conforme anunciado pelo ministro, tr\u00eas universidades j\u00e1 tiveram repasses reduzidos&nbsp;\u2013 a&nbsp;Universidade de Bras\u00edlia&nbsp;(UnB), a&nbsp;Universidade Federal Fluminense&nbsp;(UFF) e a&nbsp;Universidade Federal da Bahia&nbsp;(UFBA). Segundo Weintraub, a Universidade Federal de Juiz de Fora (UFJF), em Minas Gerais, est\u00e1 \u201csob avalia\u00e7\u00e3o\u201d.<\/p>\n<p>Neste contexto, Tabata Amaral quer saber do ministro da Educa\u00e7\u00e3o qual a defini\u00e7\u00e3o t\u00e9cnica de balb\u00fardia que justifique corte de 30% do or\u00e7amento anual.&nbsp;Os cortes atingem as chamadas despesas discricion\u00e1rias, destinadas a custear gastos como \u00e1gua, luz, limpeza e bolsas de aux\u00edlio a estudantes. Os recursos destinados ao pagamento de pessoal s\u00e3o obrigat\u00f3rios e n\u00e3o podem ser reduzidos.<\/p>\n<p>Tabata Amaral&nbsp;assinala que o Center for World University Rankings (CWUR) coloca a UnB, a UFBA e a UFF, n\u00e3o apenas entre as melhores do pa\u00eds, como entre as melhores do mundo. \u201cAdotar um crit\u00e9rio moralista para asfixiar financeiramente faculdades e desencorajar o pensamento cr\u00edtico e livre faz parte de uma pol\u00edtica de governo antieduca\u00e7\u00e3o, que atrapalha o avan\u00e7o de discuss\u00f5es importantes e emergenciais que precisamos ter, como por exemplo o vencimento do Fundeb\u201d, sentencia.<\/p>\n<!-- AddThis Advanced Settings generic via filter on the_content --><!-- AddThis Share Buttons generic via filter on the_content -->","protected":false},"excerpt":{"rendered":"<p>A&nbsp;deputada Tabata Amaral (PDT-SP)&nbsp;protocolou hoje um requerimento de informa\u00e7\u00f5es ao ministro da Educa\u00e7\u00e3o, Abraham Weintraub, sobre o corte de recursos das universidades que n\u00e3o apresentarem desempenho acad\u00eamico esperado e, ao mesmo tempo, estiverem promovendo \u201cbalb\u00fardia\u201d em seus campus. \u201cO requerimento de informa\u00e7\u00e3o tem como objetivo clarificar os motivos pelos quais os cortes foram adotados, a&#8230;<!-- AddThis Advanced Settings generic via filter on wp_trim_excerpt --><!-- AddThis Share Buttons generic via filter on wp_trim_excerpt --><\/p>\n","protected":false},"author":17,"featured_media":64258,"comment_status":"closed","ping_status":"closed","sticky":false,"template":"","format":"standard","meta":{"_monsterinsights_skip_tracking":false,"_monsterinsights_sitenote_active":false,"_monsterinsights_sitenote_note":"","_monsterinsights_sitenote_category":0,"_uf_show_specific_survey":0,"_uf_disable_surveys":false,"footnotes":""},"categories":[1390,1459],"tags":[],"class_list":["post-64257","post","type-post","status-publish","format-standard","has-post-thumbnail","hentry","category-editorias","category-congresso"],"acf":[],"_links":{"self":[{"href":"https:\/\/pdt-rj.org.br\/index.php\/wp-json\/wp\/v2\/posts\/64257","targetHints":{"allow":["GET"]}}],"collection":[{"href":"https:\/\/pdt-rj.org.br\/index.php\/wp-json\/wp\/v2\/posts"}],"about":[{"href":"https:\/\/pdt-rj.org.br\/index.php\/wp-json\/wp\/v2\/types\/post"}],"author":[{"embeddable":true,"href":"https:\/\/pdt-rj.org.br\/index.php\/wp-json\/wp\/v2\/users\/17"}],"replies":[{"embeddable":true,"href":"https:\/\/pdt-rj.org.br\/index.php\/wp-json\/wp\/v2\/comments?post=64257"}],"version-history":[{"count":6,"href":"https:\/\/pdt-rj.org.br\/index.php\/wp-json\/wp\/v2\/posts\/64257\/revisions"}],"predecessor-version":[{"id":64269,"href":"https:\/\/pdt-rj.org.br\/index.php\/wp-json\/wp\/v2\/posts\/64257\/revisions\/64269"}],"wp:featuredmedia":[{"embeddable":true,"href":"https:\/\/pdt-rj.org.br\/index.php\/wp-json\/wp\/v2\/media\/64258"}],"wp:attachment":[{"href":"https:\/\/pdt-rj.org.br\/index.php\/wp-json\/wp\/v2\/media?parent=64257"}],"wp:term":[{"taxonomy":"category","embeddable":true,"href":"https:\/\/pdt-rj.org.br\/index.php\/wp-json\/wp\/v2\/categories?post=64257"},{"taxonomy":"post_tag","embeddable":true,"href":"https:\/\/pdt-rj.org.br\/index.php\/wp-json\/wp\/v2\/tags?post=64257"}],"curies":[{"name":"wp","href":"https:\/\/api.w.org\/{rel}","templated":true}]}}