{"id":64193,"date":"2019-04-24T17:59:56","date_gmt":"2019-04-24T20:59:56","guid":{"rendered":"http:\/\/pdt-rj.org.br\/?p=64193"},"modified":"2019-04-25T18:06:38","modified_gmt":"2019-04-25T21:06:38","slug":"andre-figueiredo-e-mauro-benevides-integram-comissao-especial-da-reforma-da-previdencia","status":"publish","type":"post","link":"https:\/\/pdt-rj.org.br\/index.php\/andre-figueiredo-e-mauro-benevides-integram-comissao-especial-da-reforma-da-previdencia\/","title":{"rendered":"Andr\u00e9 Figueiredo e Mauro Benevides integram Comiss\u00e3o Especial da Reforma da Previd\u00eancia"},"content":{"rendered":"<p>Logo depois que o presidente da C\u00e2mara, Rodrigo Maia, anunciou a cria\u00e7\u00e3o da Comiss\u00e3o Especial que vai analisar a reforma da Previd\u00eancia (<a href=\"https:\/\/www.camara.leg.br\/proposicoesWeb\/prop_mostrarintegra;jsessionid=B38C8A103509A94D2E6AA93B6CBF9D67.proposicoesWeb2?codteor=1712459&amp;filename=PEC+6\/2019\">PEC 6\/19<\/a>), o PDT indicou os integrantes para o colegiado. Como titulares v\u00e3o participar o l\u00edder do partido, Andr\u00e9 Figueiredo (CE), e Mauro Benevides (CE). J\u00e1 os suplentes ser\u00e3o Paulo Ramos (RJ) e F\u00e1bio Henrique (SE).<\/p>\n<p>A comiss\u00e3o contar\u00e1 com 49 integrantes e n\u00e3o os 34 inicialmente previstos. Segundo Maia, o aumento do n\u00famero de parlamentares foi necess\u00e1rio para contemplar todos os partidos da Casa. Nesta ter\u00e7a-feira (23), a Comiss\u00e3o de Constitui\u00e7\u00e3o e Justi\u00e7a (CCJ) aprovou a constitucionalidade da proposta, depois de muita resist\u00eancia dos partidos de oposi\u00e7\u00e3o.<\/p>\n<p>Deputados do PDT, que foram contra a medida j\u00e1 na CCJ, asseguram que a luta continua na comiss\u00e3o especial. \u201cO PDT seguir\u00e1 na resist\u00eancia a essa reforma que ataca a ordem social e s\u00f3 atende a interesses do mercado\u201d, sustentou o deputado Afonso Motta durante a vota\u00e7\u00e3o na Comiss\u00e3o de Constitui\u00e7\u00e3o e Justi\u00e7a.<\/p>\n<!-- AddThis Advanced Settings generic via filter on the_content --><!-- AddThis Share Buttons generic via filter on the_content -->","protected":false},"excerpt":{"rendered":"<p>Logo depois que o presidente da C\u00e2mara, Rodrigo Maia, anunciou a cria\u00e7\u00e3o da Comiss\u00e3o Especial que vai analisar a reforma da Previd\u00eancia (PEC 6\/19), o PDT indicou os integrantes para o colegiado. Como titulares v\u00e3o participar o l\u00edder do partido, Andr\u00e9 Figueiredo (CE), e Mauro Benevides (CE). J\u00e1 os suplentes ser\u00e3o Paulo Ramos (RJ) e&#8230;<!-- AddThis Advanced Settings generic via filter on wp_trim_excerpt --><!-- AddThis Share Buttons generic via filter on wp_trim_excerpt --><\/p>\n","protected":false},"author":17,"featured_media":64196,"comment_status":"closed","ping_status":"closed","sticky":false,"template":"","format":"standard","meta":{"_monsterinsights_skip_tracking":false,"_monsterinsights_sitenote_active":false,"_monsterinsights_sitenote_note":"","_monsterinsights_sitenote_category":0,"_uf_show_specific_survey":0,"_uf_disable_surveys":false,"footnotes":""},"categories":[1459,976],"tags":[119,1498,3242,3240,3241,1773],"class_list":["post-64193","post","type-post","status-publish","format-standard","has-post-thumbnail","hentry","category-congresso","category-noticias-em-destaque","tag-andre-figueredo","tag-comissao-especial","tag-fabio-henrique","tag-mauro-benevides","tag-paulo-ramos","tag-reforma-da-previdencia"],"acf":[],"_links":{"self":[{"href":"https:\/\/pdt-rj.org.br\/index.php\/wp-json\/wp\/v2\/posts\/64193","targetHints":{"allow":["GET"]}}],"collection":[{"href":"https:\/\/pdt-rj.org.br\/index.php\/wp-json\/wp\/v2\/posts"}],"about":[{"href":"https:\/\/pdt-rj.org.br\/index.php\/wp-json\/wp\/v2\/types\/post"}],"author":[{"embeddable":true,"href":"https:\/\/pdt-rj.org.br\/index.php\/wp-json\/wp\/v2\/users\/17"}],"replies":[{"embeddable":true,"href":"https:\/\/pdt-rj.org.br\/index.php\/wp-json\/wp\/v2\/comments?post=64193"}],"version-history":[{"count":4,"href":"https:\/\/pdt-rj.org.br\/index.php\/wp-json\/wp\/v2\/posts\/64193\/revisions"}],"predecessor-version":[{"id":64198,"href":"https:\/\/pdt-rj.org.br\/index.php\/wp-json\/wp\/v2\/posts\/64193\/revisions\/64198"}],"wp:featuredmedia":[{"embeddable":true,"href":"https:\/\/pdt-rj.org.br\/index.php\/wp-json\/wp\/v2\/media\/64196"}],"wp:attachment":[{"href":"https:\/\/pdt-rj.org.br\/index.php\/wp-json\/wp\/v2\/media?parent=64193"}],"wp:term":[{"taxonomy":"category","embeddable":true,"href":"https:\/\/pdt-rj.org.br\/index.php\/wp-json\/wp\/v2\/categories?post=64193"},{"taxonomy":"post_tag","embeddable":true,"href":"https:\/\/pdt-rj.org.br\/index.php\/wp-json\/wp\/v2\/tags?post=64193"}],"curies":[{"name":"wp","href":"https:\/\/api.w.org\/{rel}","templated":true}]}}