{"id":64184,"date":"2019-04-25T17:36:54","date_gmt":"2019-04-25T20:36:54","guid":{"rendered":"http:\/\/pdt-rj.org.br\/?p=64184"},"modified":"2019-05-03T19:02:24","modified_gmt":"2019-05-03T22:02:24","slug":"mauro-benevides-vamos-buscar-dados-para-discutir-todos-os-pontos-da-reforma-da-previdencia","status":"publish","type":"post","link":"https:\/\/pdt-rj.org.br\/index.php\/mauro-benevides-vamos-buscar-dados-para-discutir-todos-os-pontos-da-reforma-da-previdencia\/","title":{"rendered":"Mauro Benevides: &#8220;Vamos buscar dados para discutir todos os pontos da Reforma da Previd\u00eancia&#8221;"},"content":{"rendered":"<p>O&nbsp;<strong>deputado Mauro Benevides Filho (PDT-CE)<\/strong>&nbsp;se manifestou na reuni\u00e3o de instala\u00e7\u00e3o da comiss\u00e3o especial da reforma da Presid\u00eancia (PEC&nbsp;<a href=\"https:\/\/www2.camara.leg.br\/camaranoticias\/noticias\/TRABALHO-E-PREVIDENCIA\/572640-REFORMA-DA-PREVIDENCIA-PREVE-IDADE-MINIMA-DE-65-ANOS-PARA-HOMENS-E-62-PARA-MULHERES.html\"><strong>6\/19<\/strong><\/a>), que elegeu como presidente do colegiado o deputado Marcelo Ramos (PR-AM). Eleito por 40 votos, ele designou como relator o deputado Samuel Moreira (PSDB-SP).<\/p>\n<p>Mauro Benevides frisou que na campanha presidencial, o candidato Ciro Gomes foi o \u00fanico a apresentar uma proposta de reforma da previd\u00eancia com a necessidade de instituir um pilar social de um sal\u00e1rio m\u00ednimo; sistema de reparti\u00e7\u00e3o com regras reparametrizada; regime de capitaliza\u00e7\u00e3o complementar e a obrigatoriedade da contribui\u00e7\u00e3o patronal.<\/p>\n<p>Segundo o deputado, hoje, o que est\u00e1 sendo desenhado no pa\u00eds \u00e9 um regime de capitaliza\u00e7\u00e3o puro. \u201cTenha certeza que vamos contribuir e buscar os dados para discutir todos os pontos da reforma, para construir uma alternativa para o pa\u00eds crescer e fazer uma redistribui\u00e7\u00e3o de renda, que \u00e9 fundamental para a na\u00e7\u00e3o\u201d.<\/p>\n<p>A comiss\u00e3o especial analisar\u00e1 o m\u00e9rito da proposta e ser\u00e1 composta por 49 titularidades e igual n\u00famero de suplentes. A aprova\u00e7\u00e3o da reforma exigir\u00e1 pelo menos 25 votos favor\u00e1veis. Se aprovada, a proposta ser\u00e1 analisada pelo Plen\u00e1rio da C\u00e2mara em dois turnos de vota\u00e7\u00e3o. A aprova\u00e7\u00e3o exigir\u00e1 pelo menos 308 votos. Caso isso aconte\u00e7a, o texto seguir\u00e1 para o Senado.<\/p>\n<p>A PEC pretende reformar o sistema de Previd\u00eancia Social para os trabalhadores do setor privado e para os servidores p\u00fablicos de todos os Poderes e de todos os entes federados (Uni\u00e3o, estados e munic\u00edpios). A idade m\u00ednima para aposentar ser\u00e1 de 65 anos para os homens e 62 para as mulheres. H\u00e1 regras de transi\u00e7\u00e3o para os atuais contribuintes.<\/p>\n<!-- AddThis Advanced Settings generic via filter on the_content --><!-- AddThis Share Buttons generic via filter on the_content -->","protected":false},"excerpt":{"rendered":"<p>O&nbsp;deputado Mauro Benevides Filho (PDT-CE)&nbsp;se manifestou na reuni\u00e3o de instala\u00e7\u00e3o da comiss\u00e3o especial da reforma da Presid\u00eancia (PEC&nbsp;6\/19), que elegeu como presidente do colegiado o deputado Marcelo Ramos (PR-AM). Eleito por 40 votos, ele designou como relator o deputado Samuel Moreira (PSDB-SP). Mauro Benevides frisou que na campanha presidencial, o candidato Ciro Gomes foi o&#8230;<!-- AddThis Advanced Settings generic via filter on wp_trim_excerpt --><!-- AddThis Share Buttons generic via filter on wp_trim_excerpt --><\/p>\n","protected":false},"author":17,"featured_media":64185,"comment_status":"closed","ping_status":"closed","sticky":false,"template":"","format":"standard","meta":{"_monsterinsights_skip_tracking":false,"_monsterinsights_sitenote_active":false,"_monsterinsights_sitenote_note":"","_monsterinsights_sitenote_category":0,"_uf_show_specific_survey":0,"_uf_disable_surveys":false,"footnotes":""},"categories":[1390,1459],"tags":[3240,1773],"class_list":["post-64184","post","type-post","status-publish","format-standard","has-post-thumbnail","hentry","category-editorias","category-congresso","tag-mauro-benevides","tag-reforma-da-previdencia"],"acf":[],"_links":{"self":[{"href":"https:\/\/pdt-rj.org.br\/index.php\/wp-json\/wp\/v2\/posts\/64184","targetHints":{"allow":["GET"]}}],"collection":[{"href":"https:\/\/pdt-rj.org.br\/index.php\/wp-json\/wp\/v2\/posts"}],"about":[{"href":"https:\/\/pdt-rj.org.br\/index.php\/wp-json\/wp\/v2\/types\/post"}],"author":[{"embeddable":true,"href":"https:\/\/pdt-rj.org.br\/index.php\/wp-json\/wp\/v2\/users\/17"}],"replies":[{"embeddable":true,"href":"https:\/\/pdt-rj.org.br\/index.php\/wp-json\/wp\/v2\/comments?post=64184"}],"version-history":[{"count":7,"href":"https:\/\/pdt-rj.org.br\/index.php\/wp-json\/wp\/v2\/posts\/64184\/revisions"}],"predecessor-version":[{"id":64325,"href":"https:\/\/pdt-rj.org.br\/index.php\/wp-json\/wp\/v2\/posts\/64184\/revisions\/64325"}],"wp:featuredmedia":[{"embeddable":true,"href":"https:\/\/pdt-rj.org.br\/index.php\/wp-json\/wp\/v2\/media\/64185"}],"wp:attachment":[{"href":"https:\/\/pdt-rj.org.br\/index.php\/wp-json\/wp\/v2\/media?parent=64184"}],"wp:term":[{"taxonomy":"category","embeddable":true,"href":"https:\/\/pdt-rj.org.br\/index.php\/wp-json\/wp\/v2\/categories?post=64184"},{"taxonomy":"post_tag","embeddable":true,"href":"https:\/\/pdt-rj.org.br\/index.php\/wp-json\/wp\/v2\/tags?post=64184"}],"curies":[{"name":"wp","href":"https:\/\/api.w.org\/{rel}","templated":true}]}}