{"id":64174,"date":"2019-04-24T20:30:25","date_gmt":"2019-04-24T23:30:25","guid":{"rendered":"http:\/\/pdt-rj.org.br\/?p=64174"},"modified":"2020-08-28T15:25:45","modified_gmt":"2020-08-28T18:25:45","slug":"a-pedido-de-tulio-gadelha-comissao-discutira-combate-ao-trabalho-escravo","status":"publish","type":"post","link":"https:\/\/pdt-rj.org.br\/index.php\/a-pedido-de-tulio-gadelha-comissao-discutira-combate-ao-trabalho-escravo\/","title":{"rendered":"A pedido de T\u00falio Gad\u00ealha, Comiss\u00e3o discutir\u00e1 combate ao trabalho escravo"},"content":{"rendered":"<p>A pedido do deputado T\u00falio Gad\u00ealha (PDT-PE) a Comiss\u00e3o de Trabalho, de Administra\u00e7\u00e3o e Servi\u00e7o P\u00fablico realizar\u00e1, nesta quinta-feira (25\/04) uma audi\u00eancia p\u00fablica para debater o combate ao trabalho escravo. O deputado argumenta que as mudan\u00e7as trabalhistas recentes, assim como a extin\u00e7\u00e3o do Minist\u00e9rio do Trabalho, colocam em risco as conquistas dos \u00faltimos anos.<\/p>\n<p>Gad\u00ealha ressalta que iniciativas como a cria\u00e7\u00e3o do Grupo Especial de Fiscaliza\u00e7\u00e3o M\u00f3vel (GEFM) e da lista suja do trabalho escravo levaram ao resgate de mais 53 mil trabalhadores em situa\u00e7\u00e3o an\u00e1loga \u00e0 escravid\u00e3o entre 1995\u00a0e 2018.<\/p>\n<p>O deputado destaca ainda que o C\u00f3digo Penal define como crit\u00e9rios para a escravid\u00e3o contempor\u00e2nea trabalho for\u00e7ado, jornada exaustiva, condi\u00e7\u00e3o degradante de trabalho, restri\u00e7\u00e3o da locomo\u00e7\u00e3o do empregado em raz\u00e3o de d\u00edvida e reten\u00e7\u00e3o no local de trabalho. Trabalhadores encontrados nestas condi\u00e7\u00f5es, al\u00e9m de serem imediatamente libertados, t\u00eam direito ao seguro-desemprego, e os empregadores s\u00e3o inscritos na \u201clista suja\u201d.<\/p>\n<p>Ainda de acordo com T\u00falio Gad\u00ealha, a Comiss\u00e3o Nacional para Erradica\u00e7\u00e3o do Trabalho Escravo (Contrae), publicou em dezembro nota em que manifesta preocupa\u00e7\u00e3o com a continuidade do combate ao trabalho escravo. Al\u00e9m das consequ\u00eancias humanit\u00e1rias desastrosas, o fim dessa pol\u00edtica poderia trazer preju\u00edzos econ\u00f4micos ao pa\u00eds, lembra o deputado. O Brasil poderia \u201csofrer san\u00e7\u00f5es comerciais e redu\u00e7\u00e3o de investimentos de fundos com responsabilidade social\u201d, afirma.<\/p>\n<p>Foram convidados para o debate:<\/p>\n<p>\u2013 secret\u00e1rio especial de Previd\u00eancia e Trabalho do Minist\u00e9rio da Economia, Leonardo Rolim;<\/p>\n<p>\u2013 secret\u00e1rio executivo da Comiss\u00e3o Nacional de Erradica\u00e7\u00e3o do Trabalho Escravo (Conatrae), Dante Oliveira;<\/p>\n<p>\u2013 corregedor-geral do Tribunal Superior do Trabalho, L\u00e9lio Bentes Correa; e<\/p>\n<p>\u2013 representante dos Auditores Fiscais do Trabalho Carlos Fernando da Silva Filho.<\/p>\n<!-- AddThis Advanced Settings generic via filter on the_content --><!-- AddThis Share Buttons generic via filter on the_content -->","protected":false},"excerpt":{"rendered":"<p>A pedido do deputado T\u00falio Gad\u00ealha (PDT-PE) a Comiss\u00e3o de Trabalho, de Administra\u00e7\u00e3o e Servi\u00e7o P\u00fablico realizar\u00e1, nesta quinta-feira (25\/04) uma audi\u00eancia p\u00fablica para debater o combate ao trabalho escravo. O deputado argumenta que as mudan\u00e7as trabalhistas recentes, assim como a extin\u00e7\u00e3o do Minist\u00e9rio do Trabalho, colocam em risco as conquistas dos \u00faltimos anos. Gad\u00ealha&#8230;<!-- AddThis Advanced Settings generic via filter on wp_trim_excerpt --><!-- AddThis Share Buttons generic via filter on wp_trim_excerpt --><\/p>\n","protected":false},"author":17,"featured_media":64175,"comment_status":"closed","ping_status":"closed","sticky":false,"template":"","format":"standard","meta":{"_monsterinsights_skip_tracking":false,"_monsterinsights_sitenote_active":false,"_monsterinsights_sitenote_note":"","_monsterinsights_sitenote_category":0,"_uf_show_specific_survey":0,"_uf_disable_surveys":false,"footnotes":""},"categories":[1390,1459],"tags":[225,3922,3923,2491],"class_list":["post-64174","post","type-post","status-publish","format-standard","has-post-thumbnail","hentry","category-editorias","category-congresso","tag-codigo-penal","tag-combate-ao-trabalho-escravo","tag-erradicacao-do-trabalho-escravo","tag-tulio-gadelha"],"acf":[],"_links":{"self":[{"href":"https:\/\/pdt-rj.org.br\/index.php\/wp-json\/wp\/v2\/posts\/64174","targetHints":{"allow":["GET"]}}],"collection":[{"href":"https:\/\/pdt-rj.org.br\/index.php\/wp-json\/wp\/v2\/posts"}],"about":[{"href":"https:\/\/pdt-rj.org.br\/index.php\/wp-json\/wp\/v2\/types\/post"}],"author":[{"embeddable":true,"href":"https:\/\/pdt-rj.org.br\/index.php\/wp-json\/wp\/v2\/users\/17"}],"replies":[{"embeddable":true,"href":"https:\/\/pdt-rj.org.br\/index.php\/wp-json\/wp\/v2\/comments?post=64174"}],"version-history":[{"count":3,"href":"https:\/\/pdt-rj.org.br\/index.php\/wp-json\/wp\/v2\/posts\/64174\/revisions"}],"predecessor-version":[{"id":73365,"href":"https:\/\/pdt-rj.org.br\/index.php\/wp-json\/wp\/v2\/posts\/64174\/revisions\/73365"}],"wp:featuredmedia":[{"embeddable":true,"href":"https:\/\/pdt-rj.org.br\/index.php\/wp-json\/wp\/v2\/media\/64175"}],"wp:attachment":[{"href":"https:\/\/pdt-rj.org.br\/index.php\/wp-json\/wp\/v2\/media?parent=64174"}],"wp:term":[{"taxonomy":"category","embeddable":true,"href":"https:\/\/pdt-rj.org.br\/index.php\/wp-json\/wp\/v2\/categories?post=64174"},{"taxonomy":"post_tag","embeddable":true,"href":"https:\/\/pdt-rj.org.br\/index.php\/wp-json\/wp\/v2\/tags?post=64174"}],"curies":[{"name":"wp","href":"https:\/\/api.w.org\/{rel}","templated":true}]}}