{"id":64162,"date":"2019-04-20T11:27:15","date_gmt":"2019-04-20T14:27:15","guid":{"rendered":"http:\/\/pdt-rj.org.br\/?p=64162"},"modified":"2019-04-24T11:39:51","modified_gmt":"2019-04-24T14:39:51","slug":"cid-gomes-destaca-aprovacao-de-projeto-que-amplia-competencia-do-defensor-publico-geral","status":"publish","type":"post","link":"https:\/\/pdt-rj.org.br\/index.php\/cid-gomes-destaca-aprovacao-de-projeto-que-amplia-competencia-do-defensor-publico-geral\/","title":{"rendered":"Cid Gomes destaca aprova\u00e7\u00e3o de projeto que amplia compet\u00eancia do Defensor P\u00fablico Geral"},"content":{"rendered":"<p>O senador Cid Gomes (PDT-CE) destacou, no plen\u00e1rio do Senado Federal, a aprova\u00e7\u00e3o da Proposta de Emenda \u00e0 Constitui\u00e7\u00e3o 31\/2017, que amplia a compet\u00eancia do Defensor P\u00fablico Geral Federal e permite que ele proponha A\u00e7\u00e3o Direta de Inconstitucionalidade (ADI), A\u00e7\u00e3o Declarat\u00f3ria de Constitucionalidade (ADC), assim como o incidente de deslocamento de compet\u00eancia para a Justi\u00e7a Federal.<\/p>\n<p>O projeto, aprovado por unanimidade, refor\u00e7ar\u00e1 a garantia de defesa da populac\u0327a\u0303o mais vulnera\u0301vel do Pa\u00eds que recorre a\u0300 Defensoria Pu\u0301blica para assegurar os seus direitos. A medida equipara o status constitucional do Defensor Pu\u0301blico-Geral da Unia\u0303o ao Procurador-Geral da Repu\u0301blica no que se refere a propositura de ADI e ADC, nas hipo\u0301teses de graves violac\u0327o\u0303es de direitos humanos.<\/p>\n<p>Cid lembrou que seu pai, Jos\u00e9 Euclides Ferreira Gomes Junior, foi defensor p\u00fablico e avaliou que o Senado fez um ato importante ao reconhecer esse direito ao Defensor Geral. A PEC ser\u00e1 encaminhada para a aprecia\u00e7\u00e3o da C\u00e2mara dos Deputados.<\/p>\n<!-- AddThis Advanced Settings generic via filter on the_content --><!-- AddThis Share Buttons generic via filter on the_content -->","protected":false},"excerpt":{"rendered":"<p>O senador Cid Gomes (PDT-CE) destacou, no plen\u00e1rio do Senado Federal, a aprova\u00e7\u00e3o da Proposta de Emenda \u00e0 Constitui\u00e7\u00e3o 31\/2017, que amplia a compet\u00eancia do Defensor P\u00fablico Geral Federal e permite que ele proponha A\u00e7\u00e3o Direta de Inconstitucionalidade (ADI), A\u00e7\u00e3o Declarat\u00f3ria de Constitucionalidade (ADC), assim como o incidente de deslocamento de compet\u00eancia para a Justi\u00e7a&#8230;<!-- AddThis Advanced Settings generic via filter on wp_trim_excerpt --><!-- AddThis Share Buttons generic via filter on wp_trim_excerpt --><\/p>\n","protected":false},"author":17,"featured_media":64163,"comment_status":"closed","ping_status":"closed","sticky":false,"template":"","format":"standard","meta":{"_monsterinsights_skip_tracking":false,"_monsterinsights_sitenote_active":false,"_monsterinsights_sitenote_note":"","_monsterinsights_sitenote_category":0,"_uf_show_specific_survey":0,"_uf_disable_surveys":false,"footnotes":""},"categories":[1390,1459],"tags":[],"class_list":["post-64162","post","type-post","status-publish","format-standard","has-post-thumbnail","hentry","category-editorias","category-congresso"],"acf":[],"_links":{"self":[{"href":"https:\/\/pdt-rj.org.br\/index.php\/wp-json\/wp\/v2\/posts\/64162","targetHints":{"allow":["GET"]}}],"collection":[{"href":"https:\/\/pdt-rj.org.br\/index.php\/wp-json\/wp\/v2\/posts"}],"about":[{"href":"https:\/\/pdt-rj.org.br\/index.php\/wp-json\/wp\/v2\/types\/post"}],"author":[{"embeddable":true,"href":"https:\/\/pdt-rj.org.br\/index.php\/wp-json\/wp\/v2\/users\/17"}],"replies":[{"embeddable":true,"href":"https:\/\/pdt-rj.org.br\/index.php\/wp-json\/wp\/v2\/comments?post=64162"}],"version-history":[{"count":4,"href":"https:\/\/pdt-rj.org.br\/index.php\/wp-json\/wp\/v2\/posts\/64162\/revisions"}],"predecessor-version":[{"id":64167,"href":"https:\/\/pdt-rj.org.br\/index.php\/wp-json\/wp\/v2\/posts\/64162\/revisions\/64167"}],"wp:featuredmedia":[{"embeddable":true,"href":"https:\/\/pdt-rj.org.br\/index.php\/wp-json\/wp\/v2\/media\/64163"}],"wp:attachment":[{"href":"https:\/\/pdt-rj.org.br\/index.php\/wp-json\/wp\/v2\/media?parent=64162"}],"wp:term":[{"taxonomy":"category","embeddable":true,"href":"https:\/\/pdt-rj.org.br\/index.php\/wp-json\/wp\/v2\/categories?post=64162"},{"taxonomy":"post_tag","embeddable":true,"href":"https:\/\/pdt-rj.org.br\/index.php\/wp-json\/wp\/v2\/tags?post=64162"}],"curies":[{"name":"wp","href":"https:\/\/api.w.org\/{rel}","templated":true}]}}