{"id":64146,"date":"2019-04-23T19:37:32","date_gmt":"2019-04-23T22:37:32","guid":{"rendered":"http:\/\/pdt-rj.org.br\/?p=64146"},"modified":"2019-04-30T23:10:14","modified_gmt":"2019-05-01T02:10:14","slug":"ciro-e-cid-gomes-debatem-acoes-do-governo-federal-com-marina-silva-e-randolfe","status":"publish","type":"post","link":"https:\/\/pdt-rj.org.br\/index.php\/ciro-e-cid-gomes-debatem-acoes-do-governo-federal-com-marina-silva-e-randolfe\/","title":{"rendered":"Ciro e Cid Gomes debatem a\u00e7\u00f5es do Governo Federal com Marina Silva e Randolfe"},"content":{"rendered":"<p>O ex-ministro Ciro Gomes e o senador Cid Gomes (PDT-CE) participaram, na manh\u00e3 desta ter\u00e7a-feira (23), em Bras\u00edlia, de debate sobre os 100 dias do Governo Federal, com os ex-ministros Marina Silva e do senador Randolfe Rodrigues (REDE-AP). Durante a discuss\u00e3o, foram tratados pontos como a Reforma da Previd\u00eancia, a execu\u00e7\u00e3o or\u00e7ament\u00e1ria em \u00e1reas como sa\u00fade, educa\u00e7\u00e3o e ci\u00eancia e tecnologia, al\u00e9m das perspectivas para o futuro.<\/p>\n<p>No encontro, Ciro Gomes lembrou que o PDT lan\u00e7ou o Observat\u00f3rio Trabalhista, ferramenta que re\u00fane mais de 150 indicadores econ\u00f4micos e sociais do Governo, como receitas, despesas e execu\u00e7\u00e3o or\u00e7ament\u00e1ria, que ser\u00e3o acompanhados de forma permanente. O <a href=\"http:\/\/Apresenta\u00e7\u00e3o - Observat\u00f3rio Trabalhista\">documento <\/a>j\u00e1 est\u00e1 \u00e0 disposi\u00e7\u00e3o de todos no site do PDT Nacional.<\/p>\n<p>Segundo ele, o Observat\u00f3rio j\u00e1 aponta que a execu\u00e7\u00e3o or\u00e7ament\u00e1ria da educa\u00e7\u00e3o, por exemplo, foi a pior dos \u00faltimos anos, o que demonstra claramente \u201cque n\u00e3o h\u00e1 nenhuma prioridade efetiva para a \u00e1rea\u201d. <\/p>\n<p>Ciro tamb\u00e9m citou a quest\u00e3o do Fundeb, que tem previs\u00e3o para acabar no pr\u00f3ximo ano e at\u00e9 agora n\u00e3o se sabe se permanecer\u00e1 ou n\u00e3o. \u201cO fim do Fundeb ser\u00e1 uma trag\u00e9dia f\u00edsica para a educa\u00e7\u00e3o, assim como a possibilidade de acabar com a vincula\u00e7\u00e3o constitucional dos recursos, como est\u00e1 sendo proposto. Se n\u00e3o houver uma perenidade nos recursos n\u00e3o se pode planejar nem colher os frutos a m\u00e9dio e longo prazos\u201d, defendeu.<\/p>\n<p>\u201cEsse \u00e9 o Governo do despreparo e do oportunismo. E quem \u00e9 despreparado e age pelo oportunismo tem que improvisar e encontrar formas de desviar o foco. Todo problema objetivo que surge no Pa\u00eds, aparece sempre um dos componentes ex\u00f3ticos do Governo para fazer tiradas e provocar manobras diversionistas\u201d, criticou.<\/p>\n<p>O senador Cid Gomes refor\u00e7ou a preocupa\u00e7\u00e3o com o futuro da educa\u00e7\u00e3o. \u201cDas 100 melhores escolas p\u00fablicas na avalia\u00e7\u00e3o de alunos do 5\u00ba ano, 82 est\u00e3o no Cear\u00e1, isso aconteceu porque houve uma sequ\u00eancia de gest\u00f5es na educa\u00e7\u00e3o que t\u00eam o mesmo norte e o mesmo objetivo\u201d, explicou. Ele lembrou ainda que a execu\u00e7\u00e3o or\u00e7ament\u00e1ria em ci\u00eancia e tecnologia tamb\u00e9m foi a pior dos \u00faltimos anos. \u201cIsso nos d\u00e1 um indicativo do que vir\u00e1 de ruim pela frente\u201d, lamentou.<\/p>\n<!-- AddThis Advanced Settings generic via filter on the_content --><!-- AddThis Share Buttons generic via filter on the_content -->","protected":false},"excerpt":{"rendered":"<p>O ex-ministro Ciro Gomes e o senador Cid Gomes (PDT-CE) participaram, na manh\u00e3 desta ter\u00e7a-feira (23), em Bras\u00edlia, de debate sobre os 100 dias do Governo Federal, com os ex-ministros Marina Silva e do senador Randolfe Rodrigues (REDE-AP). Durante a discuss\u00e3o, foram tratados pontos como a Reforma da Previd\u00eancia, a execu\u00e7\u00e3o or\u00e7ament\u00e1ria em \u00e1reas como&#8230;<!-- AddThis Advanced Settings generic via filter on wp_trim_excerpt --><!-- AddThis Share Buttons generic via filter on wp_trim_excerpt --><\/p>\n","protected":false},"author":17,"featured_media":64151,"comment_status":"closed","ping_status":"closed","sticky":false,"template":"","format":"standard","meta":{"_monsterinsights_skip_tracking":false,"_monsterinsights_sitenote_active":false,"_monsterinsights_sitenote_note":"","_monsterinsights_sitenote_category":0,"_uf_show_specific_survey":0,"_uf_disable_surveys":false,"footnotes":""},"categories":[976],"tags":[],"class_list":["post-64146","post","type-post","status-publish","format-standard","has-post-thumbnail","hentry","category-noticias-em-destaque"],"acf":[],"_links":{"self":[{"href":"https:\/\/pdt-rj.org.br\/index.php\/wp-json\/wp\/v2\/posts\/64146","targetHints":{"allow":["GET"]}}],"collection":[{"href":"https:\/\/pdt-rj.org.br\/index.php\/wp-json\/wp\/v2\/posts"}],"about":[{"href":"https:\/\/pdt-rj.org.br\/index.php\/wp-json\/wp\/v2\/types\/post"}],"author":[{"embeddable":true,"href":"https:\/\/pdt-rj.org.br\/index.php\/wp-json\/wp\/v2\/users\/17"}],"replies":[{"embeddable":true,"href":"https:\/\/pdt-rj.org.br\/index.php\/wp-json\/wp\/v2\/comments?post=64146"}],"version-history":[{"count":8,"href":"https:\/\/pdt-rj.org.br\/index.php\/wp-json\/wp\/v2\/posts\/64146\/revisions"}],"predecessor-version":[{"id":64157,"href":"https:\/\/pdt-rj.org.br\/index.php\/wp-json\/wp\/v2\/posts\/64146\/revisions\/64157"}],"wp:featuredmedia":[{"embeddable":true,"href":"https:\/\/pdt-rj.org.br\/index.php\/wp-json\/wp\/v2\/media\/64151"}],"wp:attachment":[{"href":"https:\/\/pdt-rj.org.br\/index.php\/wp-json\/wp\/v2\/media?parent=64146"}],"wp:term":[{"taxonomy":"category","embeddable":true,"href":"https:\/\/pdt-rj.org.br\/index.php\/wp-json\/wp\/v2\/categories?post=64146"},{"taxonomy":"post_tag","embeddable":true,"href":"https:\/\/pdt-rj.org.br\/index.php\/wp-json\/wp\/v2\/tags?post=64146"}],"curies":[{"name":"wp","href":"https:\/\/api.w.org\/{rel}","templated":true}]}}