{"id":64134,"date":"2019-04-25T16:11:24","date_gmt":"2019-04-25T19:11:24","guid":{"rendered":"http:\/\/pdt-rj.org.br\/?p=64134"},"modified":"2019-04-25T16:11:25","modified_gmt":"2019-04-25T19:11:25","slug":"joao-goulart-era-um-homem-que-gostava-de-ouvir-o-proximo-ele-dava-voz-a-todos","status":"publish","type":"post","link":"https:\/\/pdt-rj.org.br\/index.php\/joao-goulart-era-um-homem-que-gostava-de-ouvir-o-proximo-ele-dava-voz-a-todos\/","title":{"rendered":"&#8220;Jo\u00e3o Goulart era um homem que gostava de ouvir o pr\u00f3ximo, ele dava voz a todos&#8221;"},"content":{"rendered":"<p>Desde crian\u00e7a, Juliana Brizola, deputada estadual no Rio Grande do Sul pelo PDT, ouviu de sua fam\u00edlia que \u2013 diferentemente de seu av\u00f4 Brizola: um homem decidido e impetuoso \u2013 Jango, seu tio-av\u00f4, era uma pessoa muito simples, conciliadora, que gostava de conversar com todos indistintamente, pobres ou ricos, porque era homem de muito di\u00e1logo. <\/p>\n<p>\u201c\u00c9 uma honra, para mim, dizer que sou da fam\u00edlia Goulart\u201d,<br \/>\nexplica Juliana, que n\u00e3o chegou a conhecer Jango pessoalmente, mas acha que<br \/>\nteria muito a ganhar se tivesse convivido com ele, \u201cainda mais nos dias de<br \/>\nhoje, em que falta di\u00e1logo; tem muita gente surda\u201d. Em pol\u00edtica, o di\u00e1logo \u201c\u00e9 o<br \/>\nque mais me atrai\u201d.<\/p>\n<p>Ela entende que se n\u00e3o fosse Brizola \u2013 este homem decidido e<br \/>\nimpetuoso \u2013 Jango n\u00e3o teria chegado \u00e0 Presid\u00eancia da Rep\u00fablica quando os<br \/>\nmilitares vetaram sua posse: ele, governador ga\u00facho, se insurgiu e ergueu o Rio<br \/>\nGrande do Sul, em armas, para garantir a posse do cunhado. <\/p>\n<p>Mas \u201ca maior arma de Brizola foi o microfone\u201d, argumentou<br \/>\nJuliana, destacando que, no epis\u00f3dio da Legalidade, Brizola conscientizou quem<br \/>\no ouvia, atrav\u00e9s da R\u00e1dio Gua\u00edba, inclusive comandantes militares, de que era<br \/>\nfundamental para o Brasil garantir a letra da Constitui\u00e7\u00e3o que estava em vigor.\n<\/p>\n<p>O movimento da Legalidade, define Juliana, deve servir de<br \/>\nexemplo para que n\u00e3o se repita, nos dias de hoje, o que tentaram fazer naquela<br \/>\nocasi\u00e3o, pois \u201cquem conhece o seu passado tem mais chances de acertar o<br \/>\npresente e construir o futuro\u201d.<\/p>\n<p>Sobre as reformas de base pregadas por Jango, destacou que a<br \/>\nreforma agr\u00e1ria, por exemplo, \u00e9 necess\u00e1ria at\u00e9 hoje ao Brasil: \u201creforma agr\u00e1ria<br \/>\nna linha de Brizola, de Jango, sem invas\u00e3o de terra\u201d. Outra quest\u00e3o \u00e9 o<br \/>\ncontrole sobre a remessa de lucros das multinacionais \u2013 as \u201cperdas internacionais\u201d<br \/>\nsempre citadas por Brizola \u2013, quest\u00e3o que Jango tinha a consci\u00eancia de ser<br \/>\nnecess\u00e1ria; at\u00e9 porque \u201cas multinacionais v\u00eam para o Brasil, sugam tudo, levam<br \/>\npara fora o que lhes interessa, sem se preocupar com o Brasil\u201d.<\/p>\n<p>Juliana tem a certeza de que se Jo\u00e3o Goulart tivesse<br \/>\nconclu\u00eddo o seu per\u00edodo na Presid\u00eancia, \u201cter\u00edamos hoje outro Brasil\u201d. Jango na Presid\u00eancia,<br \/>\ndestacou, \u201cfoi tra\u00eddo do in\u00edcio at\u00e9 o fim\u201d; e o golpe de 64 foi um retrocesso<br \/>\nna hist\u00f3ria do povo brasileiro.<\/p>\n<p>\u201cFoi um per\u00edodo muito dif\u00edcil, n\u00e3o s\u00f3 por causa das pris\u00f5es, torturas e mortes, mas tamb\u00e9m pela quest\u00e3o da soberania nacional\u201d que, em sua opini\u00e3o, passa pela liberdade do povo e pelo controle, pelo governo brasileiro, dos setores estrat\u00e9gicos da economia, algo que os grandes l\u00edderes do Trabalhismo \u2013 Get\u00falio Vargas, Jo\u00e3o Goulart e Leonel Brizola \u2013 sempre fizeram.<\/p>\n<p>Juliana falou, em seu depoimento, sobre as cicatrizes profundas<br \/>\nque o ex\u00edlio deixou nas fam\u00edlias de seus dois av\u00f4s \u2013 os Brizola e os Daudt. Seu<br \/>\nav\u00f4 Alfredo Daudt, que era militar da Aeron\u00e1utica, resistiu ao golpe; e, por<br \/>\nconta disto, foi cassado e perseguido na ditadura. \u201cO ex\u00edlio deixa marcas<br \/>\nprofundas; e s\u00f3 quem viveu entende\u201d. <\/p>\n<p>Defensora do entendimento, Juliana acha fundamental<br \/>\npreservar o di\u00e1logo, porque \u201co brasileiro tem que ter o direito de pensar como<br \/>\nquiser\u201d. Ao concluir, definiu Jango em uma frase: \u201cEle era um homem que gostava<br \/>\nde ouvir o pr\u00f3ximo; dava voz a todos; era pessoa simples e de di\u00e1logo\u201d.<\/p>\n<!-- AddThis Advanced Settings generic via filter on the_content --><!-- AddThis Share Buttons generic via filter on the_content -->","protected":false},"excerpt":{"rendered":"<p>Desde crian\u00e7a, Juliana Brizola, deputada estadual no Rio Grande do Sul pelo PDT, ouviu de sua fam\u00edlia que \u2013 diferentemente de seu av\u00f4 Brizola: um homem decidido e impetuoso \u2013 Jango, seu tio-av\u00f4, era uma pessoa muito simples, conciliadora, que gostava de conversar com todos indistintamente, pobres ou ricos, porque era homem de muito di\u00e1logo&#8230;.<!-- AddThis Advanced Settings generic via filter on wp_trim_excerpt --><!-- AddThis Share Buttons generic via filter on wp_trim_excerpt --><\/p>\n","protected":false},"author":17,"featured_media":64182,"comment_status":"closed","ping_status":"closed","sticky":false,"template":"","format":"standard","meta":{"_monsterinsights_skip_tracking":false,"_monsterinsights_sitenote_active":false,"_monsterinsights_sitenote_note":"","_monsterinsights_sitenote_category":0,"_uf_show_specific_survey":0,"_uf_disable_surveys":false,"footnotes":""},"categories":[1390,3230],"tags":[],"class_list":["post-64134","post","type-post","status-publish","format-standard","has-post-thumbnail","hentry","category-editorias","category-centenario-de-jango"],"acf":[],"_links":{"self":[{"href":"https:\/\/pdt-rj.org.br\/index.php\/wp-json\/wp\/v2\/posts\/64134","targetHints":{"allow":["GET"]}}],"collection":[{"href":"https:\/\/pdt-rj.org.br\/index.php\/wp-json\/wp\/v2\/posts"}],"about":[{"href":"https:\/\/pdt-rj.org.br\/index.php\/wp-json\/wp\/v2\/types\/post"}],"author":[{"embeddable":true,"href":"https:\/\/pdt-rj.org.br\/index.php\/wp-json\/wp\/v2\/users\/17"}],"replies":[{"embeddable":true,"href":"https:\/\/pdt-rj.org.br\/index.php\/wp-json\/wp\/v2\/comments?post=64134"}],"version-history":[{"count":5,"href":"https:\/\/pdt-rj.org.br\/index.php\/wp-json\/wp\/v2\/posts\/64134\/revisions"}],"predecessor-version":[{"id":64183,"href":"https:\/\/pdt-rj.org.br\/index.php\/wp-json\/wp\/v2\/posts\/64134\/revisions\/64183"}],"wp:featuredmedia":[{"embeddable":true,"href":"https:\/\/pdt-rj.org.br\/index.php\/wp-json\/wp\/v2\/media\/64182"}],"wp:attachment":[{"href":"https:\/\/pdt-rj.org.br\/index.php\/wp-json\/wp\/v2\/media?parent=64134"}],"wp:term":[{"taxonomy":"category","embeddable":true,"href":"https:\/\/pdt-rj.org.br\/index.php\/wp-json\/wp\/v2\/categories?post=64134"},{"taxonomy":"post_tag","embeddable":true,"href":"https:\/\/pdt-rj.org.br\/index.php\/wp-json\/wp\/v2\/tags?post=64134"}],"curies":[{"name":"wp","href":"https:\/\/api.w.org\/{rel}","templated":true}]}}