{"id":64067,"date":"2019-04-18T12:31:14","date_gmt":"2019-04-18T15:31:14","guid":{"rendered":"http:\/\/pdt-rj.org.br\/?p=64067"},"modified":"2019-04-18T12:31:15","modified_gmt":"2019-04-18T15:31:15","slug":"almino-afonso-joao-goulart-tinha-especial-interesse-em-ouvir-o-que-os-jovens-tinham-a-dizer","status":"publish","type":"post","link":"https:\/\/pdt-rj.org.br\/index.php\/almino-afonso-joao-goulart-tinha-especial-interesse-em-ouvir-o-que-os-jovens-tinham-a-dizer\/","title":{"rendered":"Almino Afonso: &#8220;Jo\u00e3o Goulart tinha especial interesse em ouvir o que os jovens tinham a dizer&#8221;"},"content":{"rendered":"<p>Quando Almino Afonso conheceu Jo\u00e3o Goulart, em 1959, ele j\u00e1 era Vice-Presidente da Rep\u00fablica e presidente nacional do PTB. Jango era um pol\u00edtico experiente, herdeiro de Get\u00falio Vargas, enquanto Almino n\u00e3o passava de um jovem deputado amazonense de primeiro mandato, rec\u00e9m-chegado ao Rio de Janeiro, quando ainda era Capital Federal.<\/p>\n<p>Esta aparente dist\u00e2ncia n\u00e3o impediu que constru\u00edssem s\u00f3lida rela\u00e7\u00e3o pol\u00edtica, mesmo que Almino Afonso militasse no ent\u00e3o chamado \u201cGrupo Compacto\u201d do PTB, ala que ele pr\u00f3prio define como \u201c\u00e0 esquerda da esquerda, do qual eu era, se voc\u00ea me permite uma pontada de vaidade, talvez uma das principais lideran\u00e7as\u201d.<\/p>\n<p>A aproxima\u00e7\u00e3o entre eles se deu, segundo Almino, porque Jango era um homem aberto, influente, e tinha especial interesse em ouvir o que os jovens tinham a dizer. <\/p>\n<p>\u201cNossa amizade nasceu do encontro entre um pol\u00edtico experiente e outro jovem\u201d, ambos preocupados com o futuro do Brasil \u2013 j\u00e1 naquela \u00e9poca, tinham um denominador comum: a defesa da explora\u00e7\u00e3o do petr\u00f3leo brasileiro pela Petrobr\u00e1s.<\/p>\n<p>Almino explica que a quest\u00e3o do petr\u00f3leo j\u00e1 dividia a sociedade, porque \u2013 contra o monop\u00f3lio estatal de petr\u00f3leo institu\u00eddo por Vargas, ao criar a Petrobr\u00e1s em 1953 \u2013 j\u00e1 se erguiam vozes da direita, muitas ligadas \u00e0 UDN, em defesa da explora\u00e7\u00e3o do petr\u00f3leo brasileiro pela iniciativa privada.<\/p>\n<p>Segundo Almino, os privatistas defendiam tamb\u00e9m a participa\u00e7\u00e3o do capital estrangeiro na atividade petrol\u00edfera, de acordo com a tese de que o Brasil n\u00e3o tinha e nem teria recursos para explorar petr\u00f3leo dentro de seu territ\u00f3rio. Por tr\u00e1s desta linha de pensamento, a defesa disfar\u00e7ada dos interesses do governo dos Estados Unidos: \u201cIsto foi um divisor de \u00e1guas profundo\u201d.<\/p>\n<p>Amigo de Jango, alinhado com as reformas de base, Almino Afonso saudou a ideia de homenagear o presidente Jo\u00e3o Goulart no centen\u00e1rio de seu nascimento, porque Jango, na sua opini\u00e3o, \u201cmerece, na hist\u00f3ria, lugar muito maior do que ocupa\u201d.<\/p>\n<p>Discutir o petr\u00f3leo, na vis\u00e3o de Almino Afonso, sobretudo o monop\u00f3lio estatal, \u201c\u00e9 encarnar Get\u00falio\u201d. E, por tr\u00e1s deste debate, quem tamb\u00e9m sempre esteve foram os interesses dos Estados Unidos, com amplos reflexos na vida nacional \u2013 promotores, inclusive, do golpe de estado de 1964.<\/p>\n<p>Almino Afonso descreve esta \u00e9poca: a UDN era um partido com uma vanguarda liberal-conservadora, com muitas figuras com valor intelectual; mas, no centro, era o anti-getulismo ferrenho. Em um debate no plen\u00e1rio da C\u00e2mara, \u201cfiz esta pergunta: deputado Adauto L\u00facio Cardoso, o que h\u00e1 na alma da UDN que n\u00e3o consegue viver por si pr\u00f3pria, sem o anti-getulismo? Quase que eu diria que voc\u00eas existem, na medida em que Get\u00falio existiu. \u00c9 a controv\u00e9rsia da Hist\u00f3ria dentro de voc\u00eas? O que h\u00e1?\u201d<\/p>\n<p>Este sentimento, explica, tamb\u00e9m estava presente em outros campos da sociedade brasileira, inclusive na intelectualidade e exemplifica com o fato de que, embora fosse l\u00edder da bancada do PTB no Congresso, seu nome n\u00e3o era citado pelo jornal \u201cO Estado de S\u00e3o Paulo\u201d, s\u00f3 era tratado como \u201cl\u00edder petebo-comuno-nacionalista\u201d. <\/p>\n<p>Confira a entrevista completa abaixo:<\/p>\n<figure class=\"wp-block-embed-youtube wp-block-embed is-type-video is-provider-youtube wp-embed-aspect-16-9 wp-has-aspect-ratio\">\n<div class=\"wp-block-embed__wrapper\">\n<iframe loading=\"lazy\" title=\"ALMINO AFONSO: \u201cJANGO TEVE A AUD\u00c1CIA DE DEFENDER A REFORMA AGR\u00c1RIA\u201d.\" width=\"640\" height=\"360\" src=\"https:\/\/www.youtube.com\/embed\/m5Qr0owPByw?feature=oembed\" frameborder=\"0\" allow=\"accelerometer; autoplay; clipboard-write; encrypted-media; gyroscope; picture-in-picture; web-share\" referrerpolicy=\"strict-origin-when-cross-origin\" allowfullscreen><\/iframe>\n<\/div>\n<\/figure>\n<!-- AddThis Advanced Settings generic via filter on the_content --><!-- AddThis Share Buttons generic via filter on the_content -->","protected":false},"excerpt":{"rendered":"<p>Quando Almino Afonso conheceu Jo\u00e3o Goulart, em 1959, ele j\u00e1 era Vice-Presidente da Rep\u00fablica e presidente nacional do PTB. Jango era um pol\u00edtico experiente, herdeiro de Get\u00falio Vargas, enquanto Almino n\u00e3o passava de um jovem deputado amazonense de primeiro mandato, rec\u00e9m-chegado ao Rio de Janeiro, quando ainda era Capital Federal. Esta aparente dist\u00e2ncia n\u00e3o impediu&#8230;<!-- AddThis Advanced Settings generic via filter on wp_trim_excerpt --><!-- AddThis Share Buttons generic via filter on wp_trim_excerpt --><\/p>\n","protected":false},"author":17,"featured_media":64086,"comment_status":"closed","ping_status":"closed","sticky":false,"template":"","format":"standard","meta":{"_monsterinsights_skip_tracking":false,"_monsterinsights_sitenote_active":false,"_monsterinsights_sitenote_note":"","_monsterinsights_sitenote_category":0,"_uf_show_specific_survey":0,"_uf_disable_surveys":false,"footnotes":""},"categories":[1390,3230],"tags":[],"class_list":["post-64067","post","type-post","status-publish","format-standard","has-post-thumbnail","hentry","category-editorias","category-centenario-de-jango"],"acf":[],"_links":{"self":[{"href":"https:\/\/pdt-rj.org.br\/index.php\/wp-json\/wp\/v2\/posts\/64067","targetHints":{"allow":["GET"]}}],"collection":[{"href":"https:\/\/pdt-rj.org.br\/index.php\/wp-json\/wp\/v2\/posts"}],"about":[{"href":"https:\/\/pdt-rj.org.br\/index.php\/wp-json\/wp\/v2\/types\/post"}],"author":[{"embeddable":true,"href":"https:\/\/pdt-rj.org.br\/index.php\/wp-json\/wp\/v2\/users\/17"}],"replies":[{"embeddable":true,"href":"https:\/\/pdt-rj.org.br\/index.php\/wp-json\/wp\/v2\/comments?post=64067"}],"version-history":[{"count":7,"href":"https:\/\/pdt-rj.org.br\/index.php\/wp-json\/wp\/v2\/posts\/64067\/revisions"}],"predecessor-version":[{"id":64090,"href":"https:\/\/pdt-rj.org.br\/index.php\/wp-json\/wp\/v2\/posts\/64067\/revisions\/64090"}],"wp:featuredmedia":[{"embeddable":true,"href":"https:\/\/pdt-rj.org.br\/index.php\/wp-json\/wp\/v2\/media\/64086"}],"wp:attachment":[{"href":"https:\/\/pdt-rj.org.br\/index.php\/wp-json\/wp\/v2\/media?parent=64067"}],"wp:term":[{"taxonomy":"category","embeddable":true,"href":"https:\/\/pdt-rj.org.br\/index.php\/wp-json\/wp\/v2\/categories?post=64067"},{"taxonomy":"post_tag","embeddable":true,"href":"https:\/\/pdt-rj.org.br\/index.php\/wp-json\/wp\/v2\/tags?post=64067"}],"curies":[{"name":"wp","href":"https:\/\/api.w.org\/{rel}","templated":true}]}}