{"id":64030,"date":"2019-04-22T16:40:03","date_gmt":"2019-04-22T19:40:03","guid":{"rendered":"http:\/\/pdt-rj.org.br\/?p=64030"},"modified":"2019-04-22T16:56:22","modified_gmt":"2019-04-22T19:56:22","slug":"antonio-avila-joao-goulart-estava-fazendo-um-governo-muito-bom-com-as-reformas-de-base-e-agraria","status":"publish","type":"post","link":"https:\/\/pdt-rj.org.br\/index.php\/antonio-avila-joao-goulart-estava-fazendo-um-governo-muito-bom-com-as-reformas-de-base-e-agraria\/","title":{"rendered":"Antonio \u00c1vila: &#8220;Jo\u00e3o Goulart estava fazendo um governo muito bom com as reformas de base e agr\u00e1ria&#8221;"},"content":{"rendered":"<p>Conheci Jango na minha adolesc\u00eancia. Ele tinha dez anos a mais. T\u00ednhamos vida de solteiro, ele vinha de S\u00e3o Borja e \u00edamos para vida noturna: boemia (gostava de shows, boates). Eu era funcion\u00e1rio da pol\u00edcia, tinha for\u00e7a, j\u00e1 chefiava sess\u00e3o: \u201cCom sua autoridade, vamos entrar em todos os lugares\u201d. Mas, depois de eleito, voc\u00ea, Jango, \u00e9 que era autoridade, eu n\u00e3o era nada.<\/p>\n<p>Tenho saudades do Jango at\u00e9 hoje. At\u00e9 hoje, sonho conversando com ele. V\u00e1rias vezes sonhei, tamanha minha amizade com eles. Os pol\u00edticos, depois de Jango, n\u00e3o marcaram nada para mim. <\/p>\n<p>Ele era getulista, o pai, Vicente Goulart, era amigo de Get\u00falio, criou-se no ambiente getulista. Derrubaram Get\u00falio em 47, Jango ficou revoltado e fez movimento queremista. Depois de 15 anos de governo forte \u2013 at\u00e9 ditadura \u2013 em 50, com vota\u00e7\u00e3o extraordin\u00e1ria, volta para a Presid\u00eancia.<\/p>\n<p>Jango foi Secret\u00e1rio do Interior e Justi\u00e7a, era presidente estadual do PTB antigo. Depois Ministro do Trabalho. E se meteu na pol\u00edtica \u2013 \u201cAgora vou entrar na pol\u00edtica, no movimento queremista\u201d. Depois, veio Juscelino. Doutor Get\u00falio, l\u00e1 j\u00e1 dizia: \u201cTemos que fazer este mineiro presidente. \u00c9 homem de futuro, temos que eleg\u00ea-lo Presidente da Rep\u00fablica\u201d.<\/p>\n<p>Juscelino veio ao Rio Grande, foi \u00e0 granja, Jango me convocou, come\u00e7ou no Rio e terminou em S\u00e3o Borja. Conheci JK ali. Jango queria que fosse Oswaldo Aranha. Juscelino diz: \u201cS\u00f3 vou ser Presidente se voc\u00ea for meu vice\u201d. Doutor Oswaldo (grande figura): \u201cQuero voc\u00ea\u201d. E, \u00e0 meia-noite, tomando u\u00edsque, se acertaram. <\/p>\n<p>\u2013 Assisti a tudo isto.<\/p>\n<p>O Jango, doutor Get\u00falio tinha como filho dele; Jango era de casa. E ele dizia sempre para o Jango: \u201cVoc\u00ea tem futuro, vai ser pol\u00edtico\u201d.<\/p>\n<p>Jango me contou que, no Rio de Janeiro, naquela reuni\u00e3o antes do suic\u00eddio, doutor Get\u00falio botou carta no bolso do Jango e disse: \u201cLeia no Rio Grande do Sul\u201d. Jango achava que era proclama\u00e7\u00e3o. Foi para o Hotel Regente, em Copacabana (se hospedava l\u00e1). Quatro e meia da madrugada, Lutero ligou: \u201cPapai se suicidou, est\u00e1 morto\u201d. Jango foi direto ao bolso do casaco, puxou: era a Carta-testamento.<\/p>\n<p>Jango ficou uma fera. Era homem de esquerda, socialista, um homem aberto. Ele se revoltou: \u201cAgora vamos para o pau\u201d. E passou aquela crise violenta, quebra-quebra em Porto Alegre. E seguiu orienta\u00e7\u00e3o de Vargas. Get\u00falio queria ele na pol\u00edtica e ele acabou se elegendo Vice-Presidente da Rep\u00fablica.<\/p>\n<p>Terminado aquilo, veio J\u00e2nio Quadros. A elei\u00e7\u00e3o era separada. Presidente e vice. Jango se elegeu com mais votos do que J\u00e2nio. Foi vice de J\u00e2nio. Foi fant\u00e1stico.<\/p>\n<p>J\u00e2nio renunciou, Jango estava na China.<\/p>\n<p>Foi formid\u00e1vel o trabalho de Brizola. Ele levantou o Rio Grande do Sul e levantou o Brasil. Foi muito corajoso e nos levou. S\u00f3 que, quando Jango chegou do Uruguai, tiveram uma discuss\u00e3o: queria que Jango instalasse governo a partir daqui. Jango: \u201cJ\u00e1 me comprometi e vou assumir com parlamentarismo\u201d. Botou Tancredo. Depois fizeram plebiscito: ganhou em 80 por cento. Acho que n\u00e3o foi bom, porque Jango n\u00e3o terminou. As reformas de base eram uma beleza, elogiada por gente que conhecia; mas a press\u00e3o contra era muito grande. <\/p>\n<p>O Jango estava fazendo um governo muito bom: reformas de base. Uma reforma agr\u00e1ria que n\u00e3o era violenta; era pac\u00edfica. Ele reunia os fazendeiros: \u201cVoc\u00eas t\u00eam que ceder um pouco; j\u00e1 dei uma fazenda em Mato Grosso para os sem-terra (n\u00e3o era este o nome); tem que ceder um pouco, sen\u00e3o essa gente se revolta\u201d.<\/p>\n<p>E o plano de educa\u00e7\u00e3o com Darcy Ribeiro\u2026 Quem descobriu foi Jango. Ele era apaixonado pelo Jango. Grande pensador; Darcy Ribeiro era uma genial figura. Eu o conheci.<\/p>\n<p>Se tivesse Jango voltado para o pa\u00eds\u2026 Figueiredo estava inclinado a deixar ele voltar. Mas ele, infelizmente, faleceu. At\u00e9 hoje tenho d\u00favida com a morte de Jango. Foi muita coincid\u00eancia: em nove meses, morreram tr\u00eas l\u00edderes brasileiros \u2013 Lacerda, JK e Jango. Vou morrer com essa d\u00favida\u2026 Ele foi envenenado\u2026 Alguma coisa fizeram\u2026<\/p>\n<p>O ex\u00edlio, no in\u00edcio foi bom; mas, no fim, muito ruim. J\u00e1 havia amea\u00e7as. No Uruguai, foi amea\u00e7ado. Depois, na Argentina, o general chefe de pol\u00edcia convidou Jango para ir l\u00e1 e disse: \u201cSomos favor do senhor, mas n\u00e3o temos condi\u00e7\u00f5es de garantir a sua seguran\u00e7a. Se cuide\u201d.<\/p>\n<p>Jango me disse: \u201cN\u00e3o posso ficar no Uruguai, na Argentina. Vou para a Europa. E se voltar, volto para o Brasil, de qualquer jeito, mesmo se for preso. Se n\u00e3o tenho mais condi\u00e7\u00f5es de viver na Am\u00e9rica do Sul, vou viver na Europa\u201d.<\/p>\n<p>Primeiro disseram que foi covarde, porque n\u00e3o fez a luta. Sabia que perdia. \u201cVai morrer gente, nossos irm\u00e3os, para pegar governo. N\u00e3o fa\u00e7o quest\u00e3o. Vamos pagar para ver\u201d. Brizola queria a luta. Ele tinha sentimento muito grande. <\/p>\n<p>Estava afastado, n\u00e3o podia entrar ao pa\u00eds: \u201cEvitei sangue duas vezes neste pa\u00eds. Toninho (assim ele me chamava), a hist\u00f3ria vai me julgar daqui a 50 ou 100 anos. Vai ver o que fiz e porque n\u00e3o reagir: fazer revolu\u00e7\u00e3o para me apegar no governo?\u201d. <\/p>\n<p>Voc\u00eas s\u00e3o jovens. O Brasil teve um Presidente muito s\u00e9rio: que nunca recebeu sal\u00e1rio; que nunca dormiu no Pal\u00e1cio; e n\u00e3o tinha nenhum apego pelas mordomias do cargo.<\/p>\n<p>Confira a entrevista completa abaixo:<\/p>\n<figure class=\"wp-block-embed-youtube wp-block-embed is-type-video is-provider-youtube wp-embed-aspect-16-9 wp-has-aspect-ratio\">\n<div class=\"wp-block-embed__wrapper\">\n<iframe loading=\"lazy\" title=\"ANTONIO \u00c1VILA: \u201cJANGO, UM AMIGO\u201d.\" width=\"640\" height=\"360\" src=\"https:\/\/www.youtube.com\/embed\/mppeZGNIDcI?feature=oembed\" frameborder=\"0\" allow=\"accelerometer; autoplay; clipboard-write; encrypted-media; gyroscope; picture-in-picture; web-share\" referrerpolicy=\"strict-origin-when-cross-origin\" allowfullscreen><\/iframe>\n<\/div>\n<\/figure>\n<!-- AddThis Advanced Settings generic via filter on the_content --><!-- AddThis Share Buttons generic via filter on the_content -->","protected":false},"excerpt":{"rendered":"<p>Conheci Jango na minha adolesc\u00eancia. Ele tinha dez anos a mais. T\u00ednhamos vida de solteiro, ele vinha de S\u00e3o Borja e \u00edamos para vida noturna: boemia (gostava de shows, boates). Eu era funcion\u00e1rio da pol\u00edcia, tinha for\u00e7a, j\u00e1 chefiava sess\u00e3o: \u201cCom sua autoridade, vamos entrar em todos os lugares\u201d. Mas, depois de eleito, voc\u00ea, Jango,&#8230;<!-- AddThis Advanced Settings generic via filter on wp_trim_excerpt --><!-- AddThis Share Buttons generic via filter on wp_trim_excerpt --><\/p>\n","protected":false},"author":17,"featured_media":64110,"comment_status":"closed","ping_status":"closed","sticky":false,"template":"","format":"standard","meta":{"_monsterinsights_skip_tracking":false,"_monsterinsights_sitenote_active":false,"_monsterinsights_sitenote_note":"","_monsterinsights_sitenote_category":0,"_uf_show_specific_survey":0,"_uf_disable_surveys":false,"footnotes":""},"categories":[1390,3230],"tags":[],"class_list":["post-64030","post","type-post","status-publish","format-standard","has-post-thumbnail","hentry","category-editorias","category-centenario-de-jango"],"acf":[],"_links":{"self":[{"href":"https:\/\/pdt-rj.org.br\/index.php\/wp-json\/wp\/v2\/posts\/64030","targetHints":{"allow":["GET"]}}],"collection":[{"href":"https:\/\/pdt-rj.org.br\/index.php\/wp-json\/wp\/v2\/posts"}],"about":[{"href":"https:\/\/pdt-rj.org.br\/index.php\/wp-json\/wp\/v2\/types\/post"}],"author":[{"embeddable":true,"href":"https:\/\/pdt-rj.org.br\/index.php\/wp-json\/wp\/v2\/users\/17"}],"replies":[{"embeddable":true,"href":"https:\/\/pdt-rj.org.br\/index.php\/wp-json\/wp\/v2\/comments?post=64030"}],"version-history":[{"count":6,"href":"https:\/\/pdt-rj.org.br\/index.php\/wp-json\/wp\/v2\/posts\/64030\/revisions"}],"predecessor-version":[{"id":64113,"href":"https:\/\/pdt-rj.org.br\/index.php\/wp-json\/wp\/v2\/posts\/64030\/revisions\/64113"}],"wp:featuredmedia":[{"embeddable":true,"href":"https:\/\/pdt-rj.org.br\/index.php\/wp-json\/wp\/v2\/media\/64110"}],"wp:attachment":[{"href":"https:\/\/pdt-rj.org.br\/index.php\/wp-json\/wp\/v2\/media?parent=64030"}],"wp:term":[{"taxonomy":"category","embeddable":true,"href":"https:\/\/pdt-rj.org.br\/index.php\/wp-json\/wp\/v2\/categories?post=64030"},{"taxonomy":"post_tag","embeddable":true,"href":"https:\/\/pdt-rj.org.br\/index.php\/wp-json\/wp\/v2\/tags?post=64030"}],"curies":[{"name":"wp","href":"https:\/\/api.w.org\/{rel}","templated":true}]}}