{"id":63801,"date":"2019-04-09T16:55:43","date_gmt":"2019-04-09T19:55:43","guid":{"rendered":"http:\/\/pdt-rj.org.br\/?p=63801"},"modified":"2019-04-16T16:59:47","modified_gmt":"2019-04-16T19:59:47","slug":"ate-o-ultimo-dia-de-vida-meu-avo-sonhou-com-um-brasil-mais-justo-e-fraterno-afirma-christopher-goulart","status":"publish","type":"post","link":"https:\/\/pdt-rj.org.br\/index.php\/ate-o-ultimo-dia-de-vida-meu-avo-sonhou-com-um-brasil-mais-justo-e-fraterno-afirma-christopher-goulart\/","title":{"rendered":"&#8220;At\u00e9 o \u00faltimo dia de vida, meu av\u00f4 sonhou com um Brasil mais justo e fraterno&#8221;, afirma Christopher Goulart"},"content":{"rendered":"<p>Christopher Goulart foi o \u00fanico neto que Jango conheceu, pouco antes de morrer. Nascido em Londres e registrado por seu pai, Jo\u00e3o Vicente Goulart, no consulado brasileiro, possui tamb\u00e9m a cidadania uruguaia \u2013 por parte de sua m\u00e3e, Zulma, que tinha 18 anos quando ele nasceu, um a menos que seu pai, Jo\u00e3o Vicente. <\/p>\n<p>\u201cTenho, simbolicamente, Belchior no nome: homenagem que meu pai quis prestar a meu av\u00f4, que viajou para Inglaterra para me conhecer; me pegou no colo e tiraram uma foto \u2013 a \u00fanica que tenho com ele. Dois meses depois do meu nascimento, ele morreu\u201d, explica Christopher. \u201cDiria que, desde o primeiro momento de vida, tive influ\u00eancia de meu av\u00f4, mesmo inconscientemente, porque tudo o que rodeou a minha vida, desde que nasci, me remeteu a ele e ao ex\u00edlio que vivia\u201d.<\/p>\n<p>Segundo Christopher, com o tempo, com o amadurecimento e estudos, aprofundou seu conhecimento sobre a vida de seu av\u00f4; at\u00e9 porque advogou no processo que investigou a morte de Jango, em 2008, como poss\u00edvel v\u00edtima da Opera\u00e7\u00e3o Condor \u2013 comandada pelas ditaduras de direita do cone Sul da Am\u00e9rica Latina, para eliminar fisicamente lideran\u00e7as pol\u00edticas latino-americanas de esquerda.<\/p>\n<p>\u201cEstudei muito sobre a vida de meu av\u00f4 para entender os meandros da \u00e9poca \u2013 lendo o que se publicou, atrav\u00e9s de renomados escritores, sobre os acontecimentos \u2013 para poder atuar como advogado e, eventualmente, represent\u00e1-lo em atos, como o que participei, a convite do ent\u00e3o ministro Tarso Genro, na confer\u00eancia nacional da OAB realizada em Natal, no Rio Grande do Norte\u201d.<\/p>\n<p>Hoje faz parte da executiva estadual do PDT do Rio Grande do Sul, onde mora, e do Diret\u00f3rio Nacional do PDT, al\u00e9m de ser suplente de senador. \u201cSei que existe um legado trabalhista tocado por personagens como Alberto Pasqualini; e o de Jango e suas reformas de base que tamb\u00e9m fazem parte\u201d, argumentou Christopher, frisando que \u201cn\u00f3s, integrantes do PDT, temos que seguir esta caminhada\u201d.<\/p>\n<p>Concluindo, Christopher disse que Jango \u2013 por ser um homem \u00e0 frente de seu tempo e com elevada e grande sensibilidade social \u2013 causava medo aos poderosos da \u00e9poca. \u201cMeu av\u00f4 era um gigante t\u00e3o grande que os militares, com medo da rea\u00e7\u00e3o do povo, no primeiro momento n\u00e3o quiseram permitir que nem morto Jango voltasse ao Brasil\u2019. At\u00e9 o seu \u00faltimo dia de vida, acrescentou, Jango sonhou com um Brasil mais justo e fraterno.<\/p>\n<p>\u201cJango morreu idealista e sonhador. E n\u00f3s precisamos de sonhadores no Brasil e no PDT\u201d, concluiu Christopher. <\/p>\n<p>Confira a entrevista completa abaixo: <\/p>\n<figure class=\"wp-block-embed-youtube wp-block-embed is-type-video is-provider-youtube wp-embed-aspect-16-9 wp-has-aspect-ratio\">\n<div class=\"wp-block-embed__wrapper\">\n<iframe loading=\"lazy\" title=\"CHRISTOPHER GOULART: MEU AV\u00d4 ERA IDEALISTA E SONHADOR.\" width=\"640\" height=\"360\" src=\"https:\/\/www.youtube.com\/embed\/f2sOVyjzSxY?feature=oembed\" frameborder=\"0\" allow=\"accelerometer; autoplay; clipboard-write; encrypted-media; gyroscope; picture-in-picture; web-share\" referrerpolicy=\"strict-origin-when-cross-origin\" allowfullscreen><\/iframe>\n<\/div>\n<\/figure>\n<!-- AddThis Advanced Settings generic via filter on the_content --><!-- AddThis Share Buttons generic via filter on the_content -->","protected":false},"excerpt":{"rendered":"<p>Christopher Goulart foi o \u00fanico neto que Jango conheceu, pouco antes de morrer. Nascido em Londres e registrado por seu pai, Jo\u00e3o Vicente Goulart, no consulado brasileiro, possui tamb\u00e9m a cidadania uruguaia \u2013 por parte de sua m\u00e3e, Zulma, que tinha 18 anos quando ele nasceu, um a menos que seu pai, Jo\u00e3o Vicente. \u201cTenho,&#8230;<!-- AddThis Advanced Settings generic via filter on wp_trim_excerpt --><!-- AddThis Share Buttons generic via filter on wp_trim_excerpt --><\/p>\n","protected":false},"author":17,"featured_media":63829,"comment_status":"closed","ping_status":"closed","sticky":false,"template":"","format":"standard","meta":{"_monsterinsights_skip_tracking":false,"_monsterinsights_sitenote_active":false,"_monsterinsights_sitenote_note":"","_monsterinsights_sitenote_category":0,"_uf_show_specific_survey":0,"_uf_disable_surveys":false,"footnotes":""},"categories":[1390,3230],"tags":[],"class_list":["post-63801","post","type-post","status-publish","format-standard","has-post-thumbnail","hentry","category-editorias","category-centenario-de-jango"],"acf":[],"_links":{"self":[{"href":"https:\/\/pdt-rj.org.br\/index.php\/wp-json\/wp\/v2\/posts\/63801","targetHints":{"allow":["GET"]}}],"collection":[{"href":"https:\/\/pdt-rj.org.br\/index.php\/wp-json\/wp\/v2\/posts"}],"about":[{"href":"https:\/\/pdt-rj.org.br\/index.php\/wp-json\/wp\/v2\/types\/post"}],"author":[{"embeddable":true,"href":"https:\/\/pdt-rj.org.br\/index.php\/wp-json\/wp\/v2\/users\/17"}],"replies":[{"embeddable":true,"href":"https:\/\/pdt-rj.org.br\/index.php\/wp-json\/wp\/v2\/comments?post=63801"}],"version-history":[{"count":11,"href":"https:\/\/pdt-rj.org.br\/index.php\/wp-json\/wp\/v2\/posts\/63801\/revisions"}],"predecessor-version":[{"id":64022,"href":"https:\/\/pdt-rj.org.br\/index.php\/wp-json\/wp\/v2\/posts\/63801\/revisions\/64022"}],"wp:featuredmedia":[{"embeddable":true,"href":"https:\/\/pdt-rj.org.br\/index.php\/wp-json\/wp\/v2\/media\/63829"}],"wp:attachment":[{"href":"https:\/\/pdt-rj.org.br\/index.php\/wp-json\/wp\/v2\/media?parent=63801"}],"wp:term":[{"taxonomy":"category","embeddable":true,"href":"https:\/\/pdt-rj.org.br\/index.php\/wp-json\/wp\/v2\/categories?post=63801"},{"taxonomy":"post_tag","embeddable":true,"href":"https:\/\/pdt-rj.org.br\/index.php\/wp-json\/wp\/v2\/tags?post=63801"}],"curies":[{"name":"wp","href":"https:\/\/api.w.org\/{rel}","templated":true}]}}