{"id":63786,"date":"2019-04-08T15:44:11","date_gmt":"2019-04-08T18:44:11","guid":{"rendered":"http:\/\/pdt-rj.org.br\/?p=63786"},"modified":"2019-04-08T16:45:50","modified_gmt":"2019-04-08T19:45:50","slug":"cem-dias-sem-ministerio-da-educacao-avalia-idilvan-alencar","status":"publish","type":"post","link":"https:\/\/pdt-rj.org.br\/index.php\/cem-dias-sem-ministerio-da-educacao-avalia-idilvan-alencar\/","title":{"rendered":"Cem dias Sem Minist\u00e9rio da Educa\u00e7\u00e3o \u2013 Avalia Idilvan Alencar"},"content":{"rendered":"<p>Chegamos aos 100 dias da gest\u00e3o do governo Bolsonaro na pr\u00f3xima quarta-feira (10) sem nada para comemorar.  A frase \u00e9 do deputado federal Idilvan Alencar (PDT-CE). <\/p>\n<p>&#8220;No Minist\u00e9rio da Educa\u00e7\u00e3o, n\u00e3o discutimos programas, estrat\u00e9gias, a\u00e7\u00f5es, pol\u00edticas p\u00fablicas ou metas para melhorar a educa\u00e7\u00e3o brasileira&#8221;, afirma o deputado.  <\/p>\n<p>Segundo ele, o que temos de concreto \u00e9 que o Presidente da Rep\u00fablica demitiu o ministro da pasta e nomeou  o pr\u00f3ximo. Cem dias literalmente desperdi\u00e7ados.<\/p>\n<p>Para o deputado, todas as not\u00edcias do per\u00edodo foram exclusivamente sobre disputas ideol\u00f3gicas, falta de gest\u00e3o, irregularidades cometidas pelo ministro e pol\u00edticas sem qualquer conex\u00e3o com as urg\u00eancias da educa\u00e7\u00e3o no Pa\u00eds. Nada sobre projetos de forma\u00e7\u00e3o e qualifica\u00e7\u00e3o de professores, das a\u00e7\u00f5es necess\u00e1rias para a implanta\u00e7\u00e3o da Base Nacional em Estados e Munic\u00edpios, de apoio aos programas de ensino integral, de constru\u00e7\u00e3o de creches. <\/p>\n<p>Depois da batalha da aprova\u00e7\u00e3o no Exame Nacional do Ensino M\u00e9dio (Enem) e em vestibulares, alunos enfrentam um calv\u00e1rio de dificuldades para conseguirem aprova\u00e7\u00e3o do Financiamento Estudantil (Fies). <\/p>\n<p>&#8220;Milhares vivem um drama no Pa\u00eds, perdendo come\u00e7o das aulas, correndo risco de perderem as vagas por n\u00e3o terem condi\u00e7\u00f5es de arcar com os custos das mensalidades&#8221;, exemplifica.<\/p>\n<p>Idilvan prossegue lembrando que enquanto abandonaram suas fun\u00e7\u00f5es nestes primeiros cem dias de governo, o ministro demitido e o presidente da Rep\u00fablica se preocuparam com assuntos completamente alheios ao que importa na educa\u00e7\u00e3o dos jovens brasileiros: filmagem cantando hino com slogan da campanha do presidente, disputas entre grupos no minist\u00e9rio, demiss\u00f5es de assessores de um grupo ou de outro, factoide de uma poss\u00edvel Lava Jato da Educa\u00e7\u00e3o, sem qualquer fato apontado pelo pr\u00f3prio ex-ministro. <\/p>\n<p>Este chegou ao ponto de, numa entrevista que deveria ser sobre programas e projetos, de chamar os brasileiros de canibais, nos acusando de furtar objetos em voos e hot\u00e9is em viagens ao exterior.<\/p>\n<p>A falta de di\u00e1logo com os que entendem de educa\u00e7\u00e3o, como professores, secret\u00e1rios municipais e estaduais, alunos, entidades da sociedade civil que estudam e trabalham na \u00e1rea \u00e9 outro problema apontado.  Tudo com a omiss\u00e3o e complac\u00eancia do Presidente da Rep\u00fablica ou mesmo com sua anu\u00eancia, como no caso da absurda tentativa de mudar o conte\u00fado dos livros de did\u00e1ticos, alterando de forma grosseria a hist\u00f3ria do nosso pa\u00eds, em favor de uma ditadura que matou, que exilou, que prendeu e que amorda\u00e7ou a democracia. Uma iniciativa ilegal, que agride o PNLD e que desrespeita princ\u00edpios fundamentais e seculares da educa\u00e7\u00e3o, como a autonomia das redes e a liberdade de c\u00e1tedra.<\/p>\n<p>Por isso, nesta semana em que se completam 100 dias de desgoverno no Minist\u00e9rio da Educa\u00e7\u00e3o, o deputado pede,  com sua experi\u00eancia na \u00e1rea de educa\u00e7\u00e3o e como representante da educa\u00e7\u00e3o brasileira na C\u00e2mara Federal, que cessem as disputas in\u00fateis e que a Educa\u00e7\u00e3o dos brasileiros e brasileiras volte a ser a prioridade. Para isso, segundo ele, importante \u00e9 retomar o di\u00e1logo, o aprimoramento de pol\u00edticas p\u00fablicas de reconhecido \u00eaxito na \u00e1rea e ter o Plano Nacional de Educa\u00e7\u00e3o como b\u00fassola do MEC. A educa\u00e7\u00e3o brasileira n\u00e3o tem quatro anos a perder como j\u00e1 perdeu nos \u00faltimos 100 dias, conclui Idilvan.<\/p>\n<!-- AddThis Advanced Settings generic via filter on the_content --><!-- AddThis Share Buttons generic via filter on the_content -->","protected":false},"excerpt":{"rendered":"<p>Chegamos aos 100 dias da gest\u00e3o do governo Bolsonaro na pr\u00f3xima quarta-feira (10) sem nada para comemorar. A frase \u00e9 do deputado federal Idilvan Alencar (PDT-CE). &#8220;No Minist\u00e9rio da Educa\u00e7\u00e3o, n\u00e3o discutimos programas, estrat\u00e9gias, a\u00e7\u00f5es, pol\u00edticas p\u00fablicas ou metas para melhorar a educa\u00e7\u00e3o brasileira&#8221;, afirma o deputado. Segundo ele, o que temos de concreto \u00e9&#8230;<!-- AddThis Advanced Settings generic via filter on wp_trim_excerpt --><!-- AddThis Share Buttons generic via filter on wp_trim_excerpt --><\/p>\n","protected":false},"author":17,"featured_media":63791,"comment_status":"closed","ping_status":"closed","sticky":false,"template":"","format":"standard","meta":{"_monsterinsights_skip_tracking":false,"_monsterinsights_sitenote_active":false,"_monsterinsights_sitenote_note":"","_monsterinsights_sitenote_category":0,"_uf_show_specific_survey":0,"_uf_disable_surveys":false,"footnotes":""},"categories":[976],"tags":[3239,2719],"class_list":["post-63786","post","type-post","status-publish","format-standard","has-post-thumbnail","hentry","category-noticias-em-destaque","tag-base-nacional-em-estados-e-municipios","tag-financiamento-estudantil"],"acf":[],"_links":{"self":[{"href":"https:\/\/pdt-rj.org.br\/index.php\/wp-json\/wp\/v2\/posts\/63786","targetHints":{"allow":["GET"]}}],"collection":[{"href":"https:\/\/pdt-rj.org.br\/index.php\/wp-json\/wp\/v2\/posts"}],"about":[{"href":"https:\/\/pdt-rj.org.br\/index.php\/wp-json\/wp\/v2\/types\/post"}],"author":[{"embeddable":true,"href":"https:\/\/pdt-rj.org.br\/index.php\/wp-json\/wp\/v2\/users\/17"}],"replies":[{"embeddable":true,"href":"https:\/\/pdt-rj.org.br\/index.php\/wp-json\/wp\/v2\/comments?post=63786"}],"version-history":[{"count":8,"href":"https:\/\/pdt-rj.org.br\/index.php\/wp-json\/wp\/v2\/posts\/63786\/revisions"}],"predecessor-version":[{"id":63805,"href":"https:\/\/pdt-rj.org.br\/index.php\/wp-json\/wp\/v2\/posts\/63786\/revisions\/63805"}],"wp:featuredmedia":[{"embeddable":true,"href":"https:\/\/pdt-rj.org.br\/index.php\/wp-json\/wp\/v2\/media\/63791"}],"wp:attachment":[{"href":"https:\/\/pdt-rj.org.br\/index.php\/wp-json\/wp\/v2\/media?parent=63786"}],"wp:term":[{"taxonomy":"category","embeddable":true,"href":"https:\/\/pdt-rj.org.br\/index.php\/wp-json\/wp\/v2\/categories?post=63786"},{"taxonomy":"post_tag","embeddable":true,"href":"https:\/\/pdt-rj.org.br\/index.php\/wp-json\/wp\/v2\/tags?post=63786"}],"curies":[{"name":"wp","href":"https:\/\/api.w.org\/{rel}","templated":true}]}}