{"id":63760,"date":"2019-04-06T23:46:55","date_gmt":"2019-04-07T02:46:55","guid":{"rendered":"http:\/\/pdt-rj.org.br\/?p=63760"},"modified":"2019-04-07T00:10:53","modified_gmt":"2019-04-07T03:10:53","slug":"em-depoimento-jacob-barata-diz-que-propina-a-politicos-no-rj-so-nao-rolou-no-governo-brizola","status":"publish","type":"post","link":"https:\/\/pdt-rj.org.br\/index.php\/em-depoimento-jacob-barata-diz-que-propina-a-politicos-no-rj-so-nao-rolou-no-governo-brizola\/","title":{"rendered":"Em depoimento, Jacob Barata diz que propina a pol\u00edticos no RJ s\u00f3 n\u00e3o aconteceu no governo Brizola"},"content":{"rendered":"<p>O empres\u00e1rio do setor de \u00f4nibus Jacob Barata Filho disse que o setor repassou R$ 145 milh\u00f5es ao ex-governador S\u00e9rgio Cabral no per\u00edodo de 2010 a 2016, conta O Dia. O depoimento aconteceu no dia 12 de dezembro de 2018, na 7\u00aa Vara Federal Criminal, no \u00e2mbito da Opera\u00e7\u00e3o Ponto Final,  ao juiz Marcelo Bretas.<\/p>\n<p>Barata, que chegou a ser preso no Aeroporto Internacional do Gale\u00e3o, quando estava prestes a viajar ao exterior, ressaltou que ele pr\u00f3prio jamais entregou qualquer valor a Cabral. Segundo ele, quem tratava diretamente de pagamentos era o ex-dirigente da Federa\u00e7\u00e3o das Empresas de \u00d4nibus (Fetranspor) Jos\u00e9 Carlos Lavouras, atualmente no exterior, foragido da Justi\u00e7a. <\/p>\n<p>Barata contou a Bretas que a pr\u00e1tica do pagamento de propinas a pol\u00edticos era muito antiga no estado do Rio de Janeiro, e que ela s\u00f3 n\u00e3o ocorreu durante o governo de Leonel Brizola, que acabou encampando algumas empresas.<\/p>\n<!-- AddThis Advanced Settings generic via filter on the_content --><!-- AddThis Share Buttons generic via filter on the_content -->","protected":false},"excerpt":{"rendered":"<p>O empres\u00e1rio do setor de \u00f4nibus Jacob Barata Filho disse que o setor repassou R$ 145 milh\u00f5es ao ex-governador S\u00e9rgio Cabral no per\u00edodo de 2010 a 2016, conta O Dia. O depoimento aconteceu no dia 12 de dezembro de 2018, na 7\u00aa Vara Federal Criminal, no \u00e2mbito da Opera\u00e7\u00e3o Ponto Final, ao juiz Marcelo Bretas&#8230;.<!-- AddThis Advanced Settings generic via filter on wp_trim_excerpt --><!-- AddThis Share Buttons generic via filter on wp_trim_excerpt --><\/p>\n","protected":false},"author":17,"featured_media":62151,"comment_status":"closed","ping_status":"closed","sticky":false,"template":"","format":"standard","meta":{"_monsterinsights_skip_tracking":false,"_monsterinsights_sitenote_active":false,"_monsterinsights_sitenote_note":"","_monsterinsights_sitenote_category":0,"_uf_show_specific_survey":0,"_uf_disable_surveys":false,"footnotes":""},"categories":[976],"tags":[],"class_list":["post-63760","post","type-post","status-publish","format-standard","has-post-thumbnail","hentry","category-noticias-em-destaque"],"acf":[],"_links":{"self":[{"href":"https:\/\/pdt-rj.org.br\/index.php\/wp-json\/wp\/v2\/posts\/63760","targetHints":{"allow":["GET"]}}],"collection":[{"href":"https:\/\/pdt-rj.org.br\/index.php\/wp-json\/wp\/v2\/posts"}],"about":[{"href":"https:\/\/pdt-rj.org.br\/index.php\/wp-json\/wp\/v2\/types\/post"}],"author":[{"embeddable":true,"href":"https:\/\/pdt-rj.org.br\/index.php\/wp-json\/wp\/v2\/users\/17"}],"replies":[{"embeddable":true,"href":"https:\/\/pdt-rj.org.br\/index.php\/wp-json\/wp\/v2\/comments?post=63760"}],"version-history":[{"count":5,"href":"https:\/\/pdt-rj.org.br\/index.php\/wp-json\/wp\/v2\/posts\/63760\/revisions"}],"predecessor-version":[{"id":63774,"href":"https:\/\/pdt-rj.org.br\/index.php\/wp-json\/wp\/v2\/posts\/63760\/revisions\/63774"}],"wp:featuredmedia":[{"embeddable":true,"href":"https:\/\/pdt-rj.org.br\/index.php\/wp-json\/wp\/v2\/media\/62151"}],"wp:attachment":[{"href":"https:\/\/pdt-rj.org.br\/index.php\/wp-json\/wp\/v2\/media?parent=63760"}],"wp:term":[{"taxonomy":"category","embeddable":true,"href":"https:\/\/pdt-rj.org.br\/index.php\/wp-json\/wp\/v2\/categories?post=63760"},{"taxonomy":"post_tag","embeddable":true,"href":"https:\/\/pdt-rj.org.br\/index.php\/wp-json\/wp\/v2\/tags?post=63760"}],"curies":[{"name":"wp","href":"https:\/\/api.w.org\/{rel}","templated":true}]}}