{"id":63749,"date":"2019-04-06T21:23:40","date_gmt":"2019-04-07T00:23:40","guid":{"rendered":"http:\/\/pdt-rj.org.br\/?p=63749"},"modified":"2019-04-11T18:29:45","modified_gmt":"2019-04-11T21:29:45","slug":"nota-de-repudio-a-sergio-cabral","status":"publish","type":"post","link":"https:\/\/pdt-rj.org.br\/index.php\/nota-de-repudio-a-sergio-cabral\/","title":{"rendered":"Nota de rep\u00fadio a S\u00e9rgio Cabral"},"content":{"rendered":"<p>A Dire\u00e7\u00e3o Nacional do PDT vem a p\u00fablico repudiar as difamat\u00f3rias afirma\u00e7\u00f5es contra a mem\u00f3ria de Leonel de Moura Brizola, fundador do Partido Democr\u00e1tico Trabalhista e l\u00edder hist\u00f3rico, feitas pelo r\u00e9u confesso S\u00e9rgio Cabral, ex-governador do Rio de Janeiro que est\u00e1 preso&nbsp; por corrup\u00e7\u00e3o e&nbsp;j\u00e1 condenado a mais de 190 anos de pris\u00e3o.<\/p>\n<p>Perseguido pela ditadura de 1964, Brizola foi r\u00e9u em dezenas de inqu\u00e9ritos policiais militares (IPMs) que nada provaram contra ele, al\u00e9m de ter tido a sua vida pessoal e financeira esquadrinhada por seus inimigos&nbsp; sem que conseguissem encontrar nada que o desabonasse.<\/p>\n<p>N\u00e3o ser\u00e3o agora afirma\u00e7\u00f5es levianas de Cabral que ir\u00e3o macular sua imagem de Her\u00f3i da P\u00e1tria brasileira, constru\u00edda ao longo de d\u00e9cadas de uma vida p\u00fablica limpa, voltada para o bem comum. Quando governador do Rio, Brizola criou o passe livre estudantil e exigiu das empresas de \u00f4nibus melhoria dos servi\u00e7os p\u00fablicos punindo-as at\u00e9 com a encampa\u00e7\u00e3o.<\/p>\n<p>Ainda na contram\u00e3o dos empres\u00e1rios de \u00f4nibus, Brizola trabalhou pelo fortalecimento da Companhia de Transportes Coletivos (CTC), equipando-a com novos \u00f4nibus a g\u00e1s, menos poluentes, sendo esta uma iniciativa pioneira no Pa\u00eds.&nbsp; <\/p>\n<p>N\u00e3o custa lembrar que Cabral sempre foi inimigo pol\u00edtico de Brizola e tentou, sem sucesso, quando presidente da Assembleia Legislativa do Rio de Janeiro, rejeitar as contas de Brizola para torn\u00e1-lo&nbsp; ineleg\u00edvel.&nbsp; Por \u00faltimo, \u00e9 importante lembrar tamb\u00e9m que influente empres\u00e1rio de \u00f4nibus&nbsp; do Rio, preso pela Lava Jato, afirmou, em depoimento na Pol\u00edcia Federal, que Brizola foi o \u00fanico governador fluminense que jamais aceitou propina da Federa\u00e7\u00e3o das Empresas de \u00f4nibus (Fetranspor). <\/p>\n<!-- AddThis Advanced Settings generic via filter on the_content --><!-- AddThis Share Buttons generic via filter on the_content -->","protected":false},"excerpt":{"rendered":"<p>A Dire\u00e7\u00e3o Nacional do PDT vem a p\u00fablico repudiar as difamat\u00f3rias afirma\u00e7\u00f5es contra a mem\u00f3ria de Leonel de Moura Brizola, fundador do Partido Democr\u00e1tico Trabalhista e l\u00edder hist\u00f3rico, feitas pelo r\u00e9u confesso S\u00e9rgio Cabral, ex-governador do Rio de Janeiro que est\u00e1 preso&nbsp; por corrup\u00e7\u00e3o e&nbsp;j\u00e1 condenado a mais de 190 anos de pris\u00e3o. Perseguido pela&#8230;<!-- AddThis Advanced Settings generic via filter on wp_trim_excerpt --><!-- AddThis Share Buttons generic via filter on wp_trim_excerpt --><\/p>\n","protected":false},"author":17,"featured_media":50431,"comment_status":"closed","ping_status":"closed","sticky":false,"template":"","format":"standard","meta":{"_monsterinsights_skip_tracking":false,"_monsterinsights_sitenote_active":false,"_monsterinsights_sitenote_note":"","_monsterinsights_sitenote_category":0,"_uf_show_specific_survey":0,"_uf_disable_surveys":false,"footnotes":""},"categories":[1390],"tags":[],"class_list":["post-63749","post","type-post","status-publish","format-standard","has-post-thumbnail","hentry","category-editorias"],"acf":[],"_links":{"self":[{"href":"https:\/\/pdt-rj.org.br\/index.php\/wp-json\/wp\/v2\/posts\/63749","targetHints":{"allow":["GET"]}}],"collection":[{"href":"https:\/\/pdt-rj.org.br\/index.php\/wp-json\/wp\/v2\/posts"}],"about":[{"href":"https:\/\/pdt-rj.org.br\/index.php\/wp-json\/wp\/v2\/types\/post"}],"author":[{"embeddable":true,"href":"https:\/\/pdt-rj.org.br\/index.php\/wp-json\/wp\/v2\/users\/17"}],"replies":[{"embeddable":true,"href":"https:\/\/pdt-rj.org.br\/index.php\/wp-json\/wp\/v2\/comments?post=63749"}],"version-history":[{"count":19,"href":"https:\/\/pdt-rj.org.br\/index.php\/wp-json\/wp\/v2\/posts\/63749\/revisions"}],"predecessor-version":[{"id":63914,"href":"https:\/\/pdt-rj.org.br\/index.php\/wp-json\/wp\/v2\/posts\/63749\/revisions\/63914"}],"wp:featuredmedia":[{"embeddable":true,"href":"https:\/\/pdt-rj.org.br\/index.php\/wp-json\/wp\/v2\/media\/50431"}],"wp:attachment":[{"href":"https:\/\/pdt-rj.org.br\/index.php\/wp-json\/wp\/v2\/media?parent=63749"}],"wp:term":[{"taxonomy":"category","embeddable":true,"href":"https:\/\/pdt-rj.org.br\/index.php\/wp-json\/wp\/v2\/categories?post=63749"},{"taxonomy":"post_tag","embeddable":true,"href":"https:\/\/pdt-rj.org.br\/index.php\/wp-json\/wp\/v2\/tags?post=63749"}],"curies":[{"name":"wp","href":"https:\/\/api.w.org\/{rel}","templated":true}]}}