{"id":63732,"date":"2019-04-05T20:33:12","date_gmt":"2019-04-05T23:33:12","guid":{"rendered":"http:\/\/pdt-rj.org.br\/?p=63732"},"modified":"2019-04-05T20:33:12","modified_gmt":"2019-04-05T23:33:12","slug":"emendas-impositivas-garantem-atendimento-das-prioridades-locais-avalia-weverton-rocha","status":"publish","type":"post","link":"https:\/\/pdt-rj.org.br\/index.php\/emendas-impositivas-garantem-atendimento-das-prioridades-locais-avalia-weverton-rocha\/","title":{"rendered":"Emendas impositivas garantem atendimento das prioridades locais, avalia Weverton Rocha"},"content":{"rendered":"<p>O Senado aprovou, nessa quarta-feira (3), a Proposta de Emenda \u00e0 Constitui\u00e7\u00e3o (PEC) que determina a execu\u00e7\u00e3o obrigat\u00f3ria de emendas parlamentares de bancada, conhecida como a PEC das emendas impositivas. O senador Weverton Rocha (PDT-MA), que participou dos debates sobre o tema na Comiss\u00e3o de Constitui\u00e7\u00e3o, Justi\u00e7a e Cidadania (CCJ) e no Plen\u00e1rio da Casa, defendeu a medida como uma forma de atender as prioridades estabelecidas pelas estados e munic\u00edpios, que conhecem mais de perto os problemas locais.<\/p>\n<p>\u201cAs emendas impositivas s\u00e3o importantes porque valorizam o estado e os munic\u00edpios. Essa quest\u00e3o de quem conhece de perto os problemas e as necessidades \u00e9 fundamental. As pessoas est\u00e3o acostumadas a ver a realidade a partir de Bras\u00edlia para depois definir o que tem que acontecer no Brasil. Isso precisa acabar\u201d, ressaltou.<\/p>\n<p>As emendas de bancada s\u00e3o solicita\u00e7\u00f5es dos parlamentares de cada unidade da Federa\u00e7\u00e3o, em conjunto, para destinar por\u00e7\u00f5es do Or\u00e7amento anual para investimentos nos seus estados. De acordo com o senador, as emendas s\u00e3o, de fato, os \u00fanicos recursos que prefeitos e governadores t\u00eam para resolver os problemas da popula\u00e7\u00e3o.<\/p>\n<p>\u201cOs parlamentares, o governador, o prefeito e os moradores sabem com muito mais propriedade as reais necessidades da regi\u00e3o. S\u00e3o eles que t\u00eam maior contato e, por essa raz\u00e3o. mais conhecimento sobre o que as pessoas precisam\u201d, enfatizou.<\/p>\n<p>O texto aprovado pelo Senado prev\u00ea um aumento gradual em dois anos do porcentual obrigat\u00f3rio a ser pago para as emendas coletivas e a determina\u00e7\u00e3o de que as emendas destinadas a a\u00e7\u00f5es plurianuais sejam reapresentadas nos anos seguintes at\u00e9 a conclus\u00e3o da obra ou empreendimento.<\/p>\n<p>A PEC seguir\u00e1 para uma rean\u00e1lise da C\u00e2mara dos Deputados, que aprovou na semana passada uma outra vers\u00e3o da mat\u00e9ria.<\/p>\n<p>\u201cEu n\u00e3o tenho d\u00favida de que \u00e9 o in\u00edcio do t\u00e3o sonhado pacto federativo. Temos trabalhado para empoderar os estados e munic\u00edpios\u201d, finalizou<\/p>\n<!-- AddThis Advanced Settings generic via filter on the_content --><!-- AddThis Share Buttons generic via filter on the_content -->","protected":false},"excerpt":{"rendered":"<p>O Senado aprovou, nessa quarta-feira (3), a Proposta de Emenda \u00e0 Constitui\u00e7\u00e3o (PEC) que determina a execu\u00e7\u00e3o obrigat\u00f3ria de emendas parlamentares de bancada, conhecida como a PEC das emendas impositivas. O senador Weverton Rocha (PDT-MA), que participou dos debates sobre o tema na Comiss\u00e3o de Constitui\u00e7\u00e3o, Justi\u00e7a e Cidadania (CCJ) e no Plen\u00e1rio da Casa,&#8230;<!-- AddThis Advanced Settings generic via filter on wp_trim_excerpt --><!-- AddThis Share Buttons generic via filter on wp_trim_excerpt --><\/p>\n","protected":false},"author":17,"featured_media":63733,"comment_status":"closed","ping_status":"closed","sticky":false,"template":"","format":"standard","meta":{"_monsterinsights_skip_tracking":false,"_monsterinsights_sitenote_active":false,"_monsterinsights_sitenote_note":"","_monsterinsights_sitenote_category":0,"_uf_show_specific_survey":0,"_uf_disable_surveys":false,"footnotes":""},"categories":[1390,1459],"tags":[],"class_list":["post-63732","post","type-post","status-publish","format-standard","has-post-thumbnail","hentry","category-editorias","category-congresso"],"acf":[],"_links":{"self":[{"href":"https:\/\/pdt-rj.org.br\/index.php\/wp-json\/wp\/v2\/posts\/63732","targetHints":{"allow":["GET"]}}],"collection":[{"href":"https:\/\/pdt-rj.org.br\/index.php\/wp-json\/wp\/v2\/posts"}],"about":[{"href":"https:\/\/pdt-rj.org.br\/index.php\/wp-json\/wp\/v2\/types\/post"}],"author":[{"embeddable":true,"href":"https:\/\/pdt-rj.org.br\/index.php\/wp-json\/wp\/v2\/users\/17"}],"replies":[{"embeddable":true,"href":"https:\/\/pdt-rj.org.br\/index.php\/wp-json\/wp\/v2\/comments?post=63732"}],"version-history":[{"count":2,"href":"https:\/\/pdt-rj.org.br\/index.php\/wp-json\/wp\/v2\/posts\/63732\/revisions"}],"predecessor-version":[{"id":63743,"href":"https:\/\/pdt-rj.org.br\/index.php\/wp-json\/wp\/v2\/posts\/63732\/revisions\/63743"}],"wp:featuredmedia":[{"embeddable":true,"href":"https:\/\/pdt-rj.org.br\/index.php\/wp-json\/wp\/v2\/media\/63733"}],"wp:attachment":[{"href":"https:\/\/pdt-rj.org.br\/index.php\/wp-json\/wp\/v2\/media?parent=63732"}],"wp:term":[{"taxonomy":"category","embeddable":true,"href":"https:\/\/pdt-rj.org.br\/index.php\/wp-json\/wp\/v2\/categories?post=63732"},{"taxonomy":"post_tag","embeddable":true,"href":"https:\/\/pdt-rj.org.br\/index.php\/wp-json\/wp\/v2\/tags?post=63732"}],"curies":[{"name":"wp","href":"https:\/\/api.w.org\/{rel}","templated":true}]}}