{"id":63717,"date":"2019-04-05T18:31:30","date_gmt":"2019-04-05T21:31:30","guid":{"rendered":"http:\/\/pdt-rj.org.br\/?p=63717"},"modified":"2019-04-16T17:09:49","modified_gmt":"2019-04-16T20:09:49","slug":"miguelina-vecchio-todas-as-reformas-pregadas-por-joao-goulart-eram-voltadas-para-o-bem-comum","status":"publish","type":"post","link":"https:\/\/pdt-rj.org.br\/index.php\/miguelina-vecchio-todas-as-reformas-pregadas-por-joao-goulart-eram-voltadas-para-o-bem-comum\/","title":{"rendered":"Miguelina Vecchio: &#8220;Todas as reformas pregadas por Jo\u00e3o Goulart eram voltadas para o bem comum&#8221;"},"content":{"rendered":"<p>A vice-presidente nacional do PDT Miguelina Vecchio, principal lideran\u00e7a do movimento \u201cA\u00e7\u00e3o da Mulher Trabalhista\u201d, se define como \u201ctrabalhista desde sempre\u201d. Com raz\u00e3o. \u00c9 filha do l\u00edder sindical Jos\u00e9 Vecchio, varguista hist\u00f3rico fundador do Partido Trabalhista Brasileiro (PTB); o militante que filiou e abonou a ficha do jovem Leonel de Moura Brizola quando este, ainda estudante, optou pelo Trabalhismo. <\/p>\n<p>\u201cE todo trabalhista conhece Jo\u00e3o Goulart\u201d, afirma Miguelina que, embora n\u00e3o tenha vivido a campanha da Legalidade, \u201cna \u00e9poca era uma crian\u00e7a\u201d, carrega com ela bem viva a mem\u00f3ria do movimento contada por seus pais e, por isto, considera a Legalidade \u201co maior ato de resgate de cidadania j\u00e1 empreendido pelos ga\u00fachos e pelo povo brasileiro\u201d.<\/p>\n<p>Miguelina garante que ela e o irm\u00e3o sempre encararam o mundo pela \u00f3tica dos dominados, heran\u00e7a do pai; e, por isto, sabem que \u201ctodas as reformas pregadas por Jango eram voltadas para o bem comum; voltada para os trabalhadores\u201d. Sabem, tamb\u00e9m, que os vencedores de 64 quiseram vincular o presidente Jo\u00e3o Goulart aos comunistas, o que ele nunca foi, e que conseguiram com que as pessoas desinformadas acreditassem nisso.<\/p>\n<p>\u201cSe dar, aos trabalhadores, acesso ao bem comum que todos tem direito \u00e9 ser comunista, todos s\u00e3o comunistas\u201d, destacou. \u201cSe o bem comum \u00e9 dar acesso ao trabalhador o que tem direito, todos s\u00e3o comunistas. \u201cJango n\u00e3o era comunista, mas as suas escolhas foram muito boas e por isto foi t\u00e3o recha\u00e7ado; incomodou a elite por conta de sua preocupa\u00e7\u00e3o de dar aos brasileiros pobres acesso \u00e0 terra, acesso a bens que todos tem direito\u201d. <\/p>\n<p>Miguelina falou tamb\u00e9m sobre a quest\u00e3o da mulher antes e depois do golpe de 64, marcando bem as diferen\u00e7as das mulheres que obedeciam cegamente aos maridos e, por isto, tiveram papel destacado nas manifesta\u00e7\u00f5es de rua de 64 que antecederam o golpe contra o governo democr\u00e1tico de Jango; \u2013 e as mulheres de esquerda que, nos tempos de pris\u00f5es e ex\u00edlio que seguiram o golpe militar, lutaram pela vida e dignidade de seus maridos.<\/p>\n<p>\u201cAs mulheres que constru\u00edram os grupos em defesa do golpe constru\u00edram tamb\u00e9m o tamanho da resist\u00eancia a ele. No p\u00f3s-golpe, que chamaram de revolu\u00e7\u00e3o, as mulheres come\u00e7aram a pensar com a pr\u00f3pria cabe\u00e7a; e muitas pagaram car\u00edssimo por isto\u201d, assinalou Miguelina, destacando que muitas morreram \u201ctentando trazer seus maridos de volta\u201d.<\/p>\n<p> Confira a entrevista completa abaixo: <\/p>\n<figure class=\"wp-block-embed-youtube wp-block-embed is-type-video is-provider-youtube wp-embed-aspect-16-9 wp-has-aspect-ratio\">\n<div class=\"wp-block-embed__wrapper\">\n<iframe loading=\"lazy\" title=\"MIGUELINA VECCHIO: AS REFORMAS ERAM VOLTADAS PARA O BEM COMUM\" width=\"640\" height=\"360\" src=\"https:\/\/www.youtube.com\/embed\/j6l8y5f9TSA?feature=oembed\" frameborder=\"0\" allow=\"accelerometer; autoplay; clipboard-write; encrypted-media; gyroscope; picture-in-picture; web-share\" referrerpolicy=\"strict-origin-when-cross-origin\" allowfullscreen><\/iframe>\n<\/div>\n<\/figure>\n<!-- AddThis Advanced Settings generic via filter on the_content --><!-- AddThis Share Buttons generic via filter on the_content -->","protected":false},"excerpt":{"rendered":"<p>A vice-presidente nacional do PDT Miguelina Vecchio, principal lideran\u00e7a do movimento \u201cA\u00e7\u00e3o da Mulher Trabalhista\u201d, se define como \u201ctrabalhista desde sempre\u201d. Com raz\u00e3o. \u00c9 filha do l\u00edder sindical Jos\u00e9 Vecchio, varguista hist\u00f3rico fundador do Partido Trabalhista Brasileiro (PTB); o militante que filiou e abonou a ficha do jovem Leonel de Moura Brizola quando este, ainda&#8230;<!-- AddThis Advanced Settings generic via filter on wp_trim_excerpt --><!-- AddThis Share Buttons generic via filter on wp_trim_excerpt --><\/p>\n","protected":false},"author":17,"featured_media":63724,"comment_status":"closed","ping_status":"closed","sticky":false,"template":"","format":"standard","meta":{"_monsterinsights_skip_tracking":false,"_monsterinsights_sitenote_active":false,"_monsterinsights_sitenote_note":"","_monsterinsights_sitenote_category":0,"_uf_show_specific_survey":0,"_uf_disable_surveys":false,"footnotes":""},"categories":[1390,3230],"tags":[],"class_list":["post-63717","post","type-post","status-publish","format-standard","has-post-thumbnail","hentry","category-editorias","category-centenario-de-jango"],"acf":[],"_links":{"self":[{"href":"https:\/\/pdt-rj.org.br\/index.php\/wp-json\/wp\/v2\/posts\/63717","targetHints":{"allow":["GET"]}}],"collection":[{"href":"https:\/\/pdt-rj.org.br\/index.php\/wp-json\/wp\/v2\/posts"}],"about":[{"href":"https:\/\/pdt-rj.org.br\/index.php\/wp-json\/wp\/v2\/types\/post"}],"author":[{"embeddable":true,"href":"https:\/\/pdt-rj.org.br\/index.php\/wp-json\/wp\/v2\/users\/17"}],"replies":[{"embeddable":true,"href":"https:\/\/pdt-rj.org.br\/index.php\/wp-json\/wp\/v2\/comments?post=63717"}],"version-history":[{"count":6,"href":"https:\/\/pdt-rj.org.br\/index.php\/wp-json\/wp\/v2\/posts\/63717\/revisions"}],"predecessor-version":[{"id":64028,"href":"https:\/\/pdt-rj.org.br\/index.php\/wp-json\/wp\/v2\/posts\/63717\/revisions\/64028"}],"wp:featuredmedia":[{"embeddable":true,"href":"https:\/\/pdt-rj.org.br\/index.php\/wp-json\/wp\/v2\/media\/63724"}],"wp:attachment":[{"href":"https:\/\/pdt-rj.org.br\/index.php\/wp-json\/wp\/v2\/media?parent=63717"}],"wp:term":[{"taxonomy":"category","embeddable":true,"href":"https:\/\/pdt-rj.org.br\/index.php\/wp-json\/wp\/v2\/categories?post=63717"},{"taxonomy":"post_tag","embeddable":true,"href":"https:\/\/pdt-rj.org.br\/index.php\/wp-json\/wp\/v2\/tags?post=63717"}],"curies":[{"name":"wp","href":"https:\/\/api.w.org\/{rel}","templated":true}]}}