{"id":63662,"date":"2019-04-04T15:52:04","date_gmt":"2019-04-04T18:52:04","guid":{"rendered":"http:\/\/pdt-rj.org.br\/?p=63662"},"modified":"2019-04-16T17:11:03","modified_gmt":"2019-04-16T20:11:03","slug":"jango-falava-em-reformas-falava-em-beneficios-nao-para-a-elite-mas-para-o-nosso-povo-mais-pobre-avalia-andre-figueiredo","status":"publish","type":"post","link":"https:\/\/pdt-rj.org.br\/index.php\/jango-falava-em-reformas-falava-em-beneficios-nao-para-a-elite-mas-para-o-nosso-povo-mais-pobre-avalia-andre-figueiredo\/","title":{"rendered":"\u201cCelebrar o centen\u00e1rio de nascimento do presidente Jo\u00e3o Goulart \u00e9 resgatar a hist\u00f3ria&#8221;"},"content":{"rendered":"<p>Celebrar o centen\u00e1rio de nascimento do presidente Jo\u00e3o Goulart, para o L\u00edder do PDT na C\u00e2mara dos Deputados, Andr\u00e9 Figueiredo (CE), \u201c\u00e9 resgatar a Hist\u00f3ria; porque, quando Jango falava em reformas, falava de a\u00e7\u00f5es voltadas para o nosso povo mais pobre\u201d. Hoje a palavra \u201creforma\u201d, segundo Andr\u00e9, tem outro significado: s\u00e3o a\u00e7\u00f5es em benef\u00edcio da elite, das pessoas mais ricas, que est\u00e3o no topo da pir\u00e2mide social.<\/p>\n<p>Se as reformas de base defendidas por Jango tivessem acontecido, o Brasil de hoje seria completamente diferente: seria um pa\u00eds mais justo e igual, porque Jo\u00e3o Goulart defendia, o tempo todo, reformas voltadas para os brasileiros mais humildes. \u201cJango foi um Presidente que realmente se preocupava com o pov\u00e3o\u201d, sintetizou Andr\u00e9 Figueiredo.<\/p>\n<p>\u2013 \u201cN\u00f3s, trabalhistas, sempre nos preocupamos em fazer o Brasil ser realmente do povo brasileiro\u201d, concluiu.<\/p>\n<p>O Centro de Mem\u00f3ria Trabalhista produziu mais uma entrevista em homenagem ao centen\u00e1rio do ex-presidente Jo\u00e3o Goulart. Desta vez, o L\u00edder do PDT na C\u00e2mara dos Deputados, Andr\u00e9 Figueiredo (CE) define Jango, em seu depoimento como o \u201cpresidente que se preocupava com o pov\u00e3o\u201d.<\/p>\n<p>\u201cCelebrar o centen\u00e1rio de nascimento do presidente Jo\u00e3o Goulart \u00e9 resgatar a hist\u00f3ria, pois quando Jango falava em reformas, falava de a\u00e7\u00f5es voltadas para o nosso povo mais pobre. Hoje, a palavra \u201creforma\u201d significa a\u00e7\u00f5es em benef\u00edcio da elite, das pessoas mais ricas que est\u00e3o no topo da pir\u00e2mide social\u201d, afirma Andr\u00e9 Figueiredo. <\/p>\n<p>Em seu depoimento, o deputado ainda afirma que, se as reformas de base defendidas por Jango tivessem acontecido, o Brasil de hoje seria completamente diferente. <\/p>\n<p>\u201cAs reformas de base seriam indispens\u00e1veis para construir um Brasil bem diferente do que n\u00f3s vimos hoje. A reforma agr\u00e1ria, urbana, educacional aplicando 15% do nosso produto interno bruto (PIB) na educa\u00e7\u00e3o, seria algo que certamente resgataria a trajet\u00f3ria do nosso povo\u201d, analisa o deputado. <\/p>\n<p> Confira a entrevista completa abaixo: <\/p>\n<figure class=\"wp-block-embed-youtube wp-block-embed is-type-video is-provider-youtube wp-embed-aspect-16-9 wp-has-aspect-ratio\">\n<div class=\"wp-block-embed__wrapper\">\n<iframe loading=\"lazy\" title=\"ANDR\u00c9 FIGUEIREDO: JANGO SE PREOCUPAVA COM O POV\u00c3O\" width=\"640\" height=\"360\" src=\"https:\/\/www.youtube.com\/embed\/z6SGSUA-PIc?feature=oembed\" frameborder=\"0\" allow=\"accelerometer; autoplay; clipboard-write; encrypted-media; gyroscope; picture-in-picture; web-share\" referrerpolicy=\"strict-origin-when-cross-origin\" allowfullscreen><\/iframe>\n<\/div>\n<\/figure>\n<!-- AddThis Advanced Settings generic via filter on the_content --><!-- AddThis Share Buttons generic via filter on the_content -->","protected":false},"excerpt":{"rendered":"<p>Celebrar o centen\u00e1rio de nascimento do presidente Jo\u00e3o Goulart, para o L\u00edder do PDT na C\u00e2mara dos Deputados, Andr\u00e9 Figueiredo (CE), \u201c\u00e9 resgatar a Hist\u00f3ria; porque, quando Jango falava em reformas, falava de a\u00e7\u00f5es voltadas para o nosso povo mais pobre\u201d. Hoje a palavra \u201creforma\u201d, segundo Andr\u00e9, tem outro significado: s\u00e3o a\u00e7\u00f5es em benef\u00edcio da&#8230;<!-- AddThis Advanced Settings generic via filter on wp_trim_excerpt --><!-- AddThis Share Buttons generic via filter on wp_trim_excerpt --><\/p>\n","protected":false},"author":17,"featured_media":63670,"comment_status":"closed","ping_status":"closed","sticky":false,"template":"","format":"standard","meta":{"_monsterinsights_skip_tracking":false,"_monsterinsights_sitenote_active":false,"_monsterinsights_sitenote_note":"","_monsterinsights_sitenote_category":0,"_uf_show_specific_survey":0,"_uf_disable_surveys":false,"footnotes":""},"categories":[1390,3230],"tags":[3237,34,513,514,46],"class_list":["post-63662","post","type-post","status-publish","format-standard","has-post-thumbnail","hentry","category-editorias","category-centenario-de-jango","tag-100-anos-de-joao-goulart","tag-andre-figueiredo","tag-jango","tag-joao-goulart","tag-trabalhismo"],"acf":[],"_links":{"self":[{"href":"https:\/\/pdt-rj.org.br\/index.php\/wp-json\/wp\/v2\/posts\/63662","targetHints":{"allow":["GET"]}}],"collection":[{"href":"https:\/\/pdt-rj.org.br\/index.php\/wp-json\/wp\/v2\/posts"}],"about":[{"href":"https:\/\/pdt-rj.org.br\/index.php\/wp-json\/wp\/v2\/types\/post"}],"author":[{"embeddable":true,"href":"https:\/\/pdt-rj.org.br\/index.php\/wp-json\/wp\/v2\/users\/17"}],"replies":[{"embeddable":true,"href":"https:\/\/pdt-rj.org.br\/index.php\/wp-json\/wp\/v2\/comments?post=63662"}],"version-history":[{"count":14,"href":"https:\/\/pdt-rj.org.br\/index.php\/wp-json\/wp\/v2\/posts\/63662\/revisions"}],"predecessor-version":[{"id":64029,"href":"https:\/\/pdt-rj.org.br\/index.php\/wp-json\/wp\/v2\/posts\/63662\/revisions\/64029"}],"wp:featuredmedia":[{"embeddable":true,"href":"https:\/\/pdt-rj.org.br\/index.php\/wp-json\/wp\/v2\/media\/63670"}],"wp:attachment":[{"href":"https:\/\/pdt-rj.org.br\/index.php\/wp-json\/wp\/v2\/media?parent=63662"}],"wp:term":[{"taxonomy":"category","embeddable":true,"href":"https:\/\/pdt-rj.org.br\/index.php\/wp-json\/wp\/v2\/categories?post=63662"},{"taxonomy":"post_tag","embeddable":true,"href":"https:\/\/pdt-rj.org.br\/index.php\/wp-json\/wp\/v2\/tags?post=63662"}],"curies":[{"name":"wp","href":"https:\/\/api.w.org\/{rel}","templated":true}]}}