{"id":63598,"date":"2019-04-03T17:42:37","date_gmt":"2019-04-03T20:42:37","guid":{"rendered":"http:\/\/pdt-rj.org.br\/?p=63598"},"modified":"2019-04-12T19:39:16","modified_gmt":"2019-04-12T22:39:16","slug":"um-milho-de-novos-desempregados-e-absurdo-alerta-mauro-benevides","status":"publish","type":"post","link":"https:\/\/pdt-rj.org.br\/index.php\/um-milho-de-novos-desempregados-e-absurdo-alerta-mauro-benevides\/","title":{"rendered":"Cerca de um milh\u00e3o de novos desempregados no Pa\u00eds \u00e9 um absurdo, alerta Mauro Benevides"},"content":{"rendered":"<p>O deputado federal Mauro Benevides Filho (PDT-CE) ressaltou em Plen\u00e1rio da C\u00e2mara, nessa ter\u00e7a-feira (3), a import\u00e2ncia de se analisar o crescimento da taxa de desemprego do Pa\u00eds, que teve o aumento de um milh\u00e3o de novos brasileiros desempregados, de novembro de 2018 a fevereiro deste ano, passando de 12,2 milh\u00f5es para 13,1 milh\u00f5es de brasileiros.<\/p>\n<p>\u201cPrecisamos encontrar solu\u00e7\u00f5es para esse problema t\u00e3o grave que afeta nossa economia, nosso desenvolvimento e, principalmente, a vida do nosso povo. \u00c9 preciso analisar por que temos uma gera\u00e7\u00e3o de 173 mil novos empregos em fevereiro e, ao mesmo tempo, um aumento no n\u00famero de desempregados ao final\u201d.<\/p>\n<p>De acordo com Benevides, outro fator consider\u00e1vel \u00e9 o n\u00famero de trabalhadores informais, que hoje chega a cerca de 35 milh\u00f5es, superando o n\u00famero de trabalhadores com carteira assinada no Pa\u00eds.<\/p>\n<p>\u201cPrecisamos entender tamb\u00e9m que existem outras causas que comprometem o ritmo da atividade econ\u00f4mica brasileira, diminuindo as oportunidades\u201d.<\/p>\n<p>Uma delas, mencionou o deputado, \u00e9 a Opera\u00e7\u00e3o Compromissada, uma pol\u00edtica do Banco Central que cede t\u00edtulos p\u00fablicos aos bancos, mas paga juros elevados, dando uma rentabilidade de cerca de 80 bilh\u00f5es de reais por ano ao sistema banc\u00e1rio brasileiro.<\/p>\n<p>\u201cEssa sobra de caixa dos bancos no Brasil n\u00e3o existe nessa magnitude em lugar nenhum do mundo\u201d, alertou.<\/p>\n<!-- AddThis Advanced Settings generic via filter on the_content --><!-- AddThis Share Buttons generic via filter on the_content -->","protected":false},"excerpt":{"rendered":"<p>O deputado federal Mauro Benevides Filho (PDT-CE) ressaltou em Plen\u00e1rio da C\u00e2mara, nessa ter\u00e7a-feira (3), a import\u00e2ncia de se analisar o crescimento da taxa de desemprego do Pa\u00eds, que teve o aumento de um milh\u00e3o de novos brasileiros desempregados, de novembro de 2018 a fevereiro deste ano, passando de 12,2 milh\u00f5es para 13,1 milh\u00f5es de&#8230;<!-- AddThis Advanced Settings generic via filter on wp_trim_excerpt --><!-- AddThis Share Buttons generic via filter on wp_trim_excerpt --><\/p>\n","protected":false},"author":17,"featured_media":63610,"comment_status":"closed","ping_status":"closed","sticky":false,"template":"","format":"standard","meta":{"_monsterinsights_skip_tracking":false,"_monsterinsights_sitenote_active":false,"_monsterinsights_sitenote_note":"","_monsterinsights_sitenote_category":0,"_uf_show_specific_survey":0,"_uf_disable_surveys":false,"footnotes":""},"categories":[1390,1459],"tags":[],"class_list":["post-63598","post","type-post","status-publish","format-standard","has-post-thumbnail","hentry","category-editorias","category-congresso"],"acf":[],"_links":{"self":[{"href":"https:\/\/pdt-rj.org.br\/index.php\/wp-json\/wp\/v2\/posts\/63598","targetHints":{"allow":["GET"]}}],"collection":[{"href":"https:\/\/pdt-rj.org.br\/index.php\/wp-json\/wp\/v2\/posts"}],"about":[{"href":"https:\/\/pdt-rj.org.br\/index.php\/wp-json\/wp\/v2\/types\/post"}],"author":[{"embeddable":true,"href":"https:\/\/pdt-rj.org.br\/index.php\/wp-json\/wp\/v2\/users\/17"}],"replies":[{"embeddable":true,"href":"https:\/\/pdt-rj.org.br\/index.php\/wp-json\/wp\/v2\/comments?post=63598"}],"version-history":[{"count":16,"href":"https:\/\/pdt-rj.org.br\/index.php\/wp-json\/wp\/v2\/posts\/63598\/revisions"}],"predecessor-version":[{"id":63951,"href":"https:\/\/pdt-rj.org.br\/index.php\/wp-json\/wp\/v2\/posts\/63598\/revisions\/63951"}],"wp:featuredmedia":[{"embeddable":true,"href":"https:\/\/pdt-rj.org.br\/index.php\/wp-json\/wp\/v2\/media\/63610"}],"wp:attachment":[{"href":"https:\/\/pdt-rj.org.br\/index.php\/wp-json\/wp\/v2\/media?parent=63598"}],"wp:term":[{"taxonomy":"category","embeddable":true,"href":"https:\/\/pdt-rj.org.br\/index.php\/wp-json\/wp\/v2\/categories?post=63598"},{"taxonomy":"post_tag","embeddable":true,"href":"https:\/\/pdt-rj.org.br\/index.php\/wp-json\/wp\/v2\/tags?post=63598"}],"curies":[{"name":"wp","href":"https:\/\/api.w.org\/{rel}","templated":true}]}}