{"id":63592,"date":"2019-04-02T21:51:41","date_gmt":"2019-04-03T00:51:41","guid":{"rendered":"http:\/\/pdt-rj.org.br\/?p=63592"},"modified":"2019-04-12T19:35:09","modified_gmt":"2019-04-12T22:35:09","slug":"sergio-vidigal-e-membro-titular-em-nova-cpi-do-bndes","status":"publish","type":"post","link":"https:\/\/pdt-rj.org.br\/index.php\/sergio-vidigal-e-membro-titular-em-nova-cpi-do-bndes\/","title":{"rendered":"S\u00e9rgio Vidigal \u00e9 membro titular em nova CPI do BNDES"},"content":{"rendered":"<p>Uma Comiss\u00e3o Parlamentar de Inqu\u00e9rito (CPI) ir\u00e1 investigar se houve irregularidades em atos praticados pelo Banco Nacional de Desenvolvimento Econ\u00f4mico e Social (BNDES) entre os anos de 2003 e 2015.<\/p>\n<p>Na reuni\u00e3o desta ter\u00e7a-feira (02), foram definidos os roteiros de trabalho. Assim, o deputado federal S\u00e9rgio Vidigal (PDT-ES) foi escolhido como um dos membros titulares do colegiado.<\/p>\n<p>De acordo com S\u00e9rgio Vidigal, \u00e9 necess\u00e1rio apurar as den\u00fancias de corrup\u00e7\u00e3o para saber quem foram os privilegiados e esclarecer se houve e como foram as irregularidades. Vidigal tamb\u00e9m defende que os trabalhos da CPI sejam conduzidos de forma isenta.<\/p>\n<p>\u201cOs desdobramentos da Opera\u00e7\u00e3o Lava Jato foram essenciais para o combate \u00e0 corrup\u00e7\u00e3o. E, mais uma vez, vamos atuar e defender que todas as informa\u00e7\u00f5es colhidas pela CPI sejam investigadas\u201d, comentou o deputado.<\/p>\n<p>O deputado ainda defendeu que o colegiado atue no sentido de apurar a rela\u00e7\u00e3o de obras financiadas pelo Banco Nacional de Desenvolvimento (BNDES) com recursos do Fundo de Amparo ao Trabalhador (FAT).<\/p>\n<p>\u201c\u00c9 bom lembrar que 40% dos recursos do Fundo de Amparo ao Trabalhador, obrigatoriamente, vai para o BNDES fazer financiamento de obras. Importante destacar o a prioridade desse fundo \u00e9 contribuir para com o trabalhador, de forma a gerar trabalho, emprego e renda\u201d, defendeu o pedetista.<\/p>\n<p><strong>CPI em 2015<\/strong><\/p>\n<p>Em 2015, uma CPI foi criada para investigar as supostas irregularidades no BNDES, no mesmo per\u00edodo. Encerrado em 2016, o colegiado n\u00e3o pediu indiciamentos.  O parlamentar tamb\u00e9m atuou nesta CPI.<\/p>\n<p>Na ocasi\u00e3o, Vidigal apresentou voto em separado. \u00c0 \u00e9poca, o parlamentar alegou as atividades pendentes da Comiss\u00e3o. Entre elas, estavam  a necessidade de investigar recentes fatos divulgados pelo Minist\u00e9rio P\u00fablico Federal sobre d\u00edvidas de R$ 400 milh\u00f5es contra\u00eddas pelo empres\u00e1rio e pecuarista Jos\u00e9 Carlos Bumlai junto ao BNDES, decorrentes de empr\u00e9stimos suspeitos e prejudiciais ao interesse p\u00fablico.<\/p>\n<p>Al\u00e9m disso, o pedetista contestou diversas incoer\u00eancias foram constatadas nos documentos recebidos pela CPI como, por exemplo, um terreno dado em garantia por Bumlai nos contratos com o BNDES. O im\u00f3vel era estimado em torno de 1% do valor do empr\u00e9stimo, n\u00e3o obstante o Banco exigir garantias de 100 a 130% do valor financiado.<\/p>\n<p><strong>CPI em 2019<\/strong><\/p>\n<p>A CPI vai investigar se o banco privilegiou um grupo de empresas nos investimentos.<\/p>\n<p>A comiss\u00e3o visa verificar as altera\u00e7\u00f5es realizadas no estatuto do banco, que poderiam ter beneficiado acordos internacionais.<\/p>\n<p>Al\u00e9m disso, o colegiado ter\u00e1 como foco a investiga\u00e7\u00e3o dos contratos envolvendo recursos nacionais no exterior, atualmente com detalhes sob sigilo at\u00e9 2027.<\/p>\n<p>Composi\u00e7\u00e3o<\/p>\n<p>A CPI ser\u00e1 composta por 34 membros titulares e 34 suplentes e tem prazo de 120 dias para concluir seus trabalhos.<\/p>\n<!-- AddThis Advanced Settings generic via filter on the_content --><!-- AddThis Share Buttons generic via filter on the_content -->","protected":false},"excerpt":{"rendered":"<p>Uma Comiss\u00e3o Parlamentar de Inqu\u00e9rito (CPI) ir\u00e1 investigar se houve irregularidades em atos praticados pelo Banco Nacional de Desenvolvimento Econ\u00f4mico e Social (BNDES) entre os anos de 2003 e 2015. Na reuni\u00e3o desta ter\u00e7a-feira (02), foram definidos os roteiros de trabalho. Assim, o deputado federal S\u00e9rgio Vidigal (PDT-ES) foi escolhido como um dos membros titulares&#8230;<!-- AddThis Advanced Settings generic via filter on wp_trim_excerpt --><!-- AddThis Share Buttons generic via filter on wp_trim_excerpt --><\/p>\n","protected":false},"author":17,"featured_media":63593,"comment_status":"closed","ping_status":"closed","sticky":false,"template":"","format":"standard","meta":{"_monsterinsights_skip_tracking":false,"_monsterinsights_sitenote_active":false,"_monsterinsights_sitenote_note":"","_monsterinsights_sitenote_category":0,"_uf_show_specific_survey":0,"_uf_disable_surveys":false,"footnotes":""},"categories":[1390],"tags":[],"class_list":["post-63592","post","type-post","status-publish","format-standard","has-post-thumbnail","hentry","category-editorias"],"acf":[],"_links":{"self":[{"href":"https:\/\/pdt-rj.org.br\/index.php\/wp-json\/wp\/v2\/posts\/63592","targetHints":{"allow":["GET"]}}],"collection":[{"href":"https:\/\/pdt-rj.org.br\/index.php\/wp-json\/wp\/v2\/posts"}],"about":[{"href":"https:\/\/pdt-rj.org.br\/index.php\/wp-json\/wp\/v2\/types\/post"}],"author":[{"embeddable":true,"href":"https:\/\/pdt-rj.org.br\/index.php\/wp-json\/wp\/v2\/users\/17"}],"replies":[{"embeddable":true,"href":"https:\/\/pdt-rj.org.br\/index.php\/wp-json\/wp\/v2\/comments?post=63592"}],"version-history":[{"count":3,"href":"https:\/\/pdt-rj.org.br\/index.php\/wp-json\/wp\/v2\/posts\/63592\/revisions"}],"predecessor-version":[{"id":63947,"href":"https:\/\/pdt-rj.org.br\/index.php\/wp-json\/wp\/v2\/posts\/63592\/revisions\/63947"}],"wp:featuredmedia":[{"embeddable":true,"href":"https:\/\/pdt-rj.org.br\/index.php\/wp-json\/wp\/v2\/media\/63593"}],"wp:attachment":[{"href":"https:\/\/pdt-rj.org.br\/index.php\/wp-json\/wp\/v2\/media?parent=63592"}],"wp:term":[{"taxonomy":"category","embeddable":true,"href":"https:\/\/pdt-rj.org.br\/index.php\/wp-json\/wp\/v2\/categories?post=63592"},{"taxonomy":"post_tag","embeddable":true,"href":"https:\/\/pdt-rj.org.br\/index.php\/wp-json\/wp\/v2\/tags?post=63592"}],"curies":[{"name":"wp","href":"https:\/\/api.w.org\/{rel}","templated":true}]}}