{"id":63489,"date":"2019-03-20T18:21:33","date_gmt":"2019-03-20T21:21:33","guid":{"rendered":"http:\/\/pdt-rj.org.br\/?p=63489"},"modified":"2019-03-27T18:37:44","modified_gmt":"2019-03-27T21:37:44","slug":"flavia-morais-e-movimento-comunitario-ratificam-oposicao-a-reforma-da-previdencia-junto-ao-forum-goiano","status":"publish","type":"post","link":"https:\/\/pdt-rj.org.br\/index.php\/flavia-morais-e-movimento-comunitario-ratificam-oposicao-a-reforma-da-previdencia-junto-ao-forum-goiano\/","title":{"rendered":"Fl\u00e1via Morais e Movimento Comunit\u00e1rio ratificam oposi\u00e7\u00e3o \u00e0 reforma da Previd\u00eancia junto ao F\u00f3rum Goiano"},"content":{"rendered":"<p> A deputada federal Fl\u00e1via Morais (PDT-GO) declarou seu total comprometimento com a posi\u00e7\u00e3o do PDT contra a proposta de reforma da Previd\u00eancia apresentada pela Presid\u00eancia. A afirma\u00e7\u00e3o da parlamentar foi feita durante reuni\u00e3o do F\u00f3rum Goiano, promovida pelo Movimento Comunit\u00e1rio Trabalhista do PDT, realizada no dia 19, na sede do partido, em Bras\u00edlia.<\/p>\n<p>Al\u00e9m de Fl\u00e1via Morais e do presidente nacional do MCT, Jordaci Matos, o encontro reuniu representantes do Sindicato dos Trabalhadores T\u00e9cnico-Administrativos em Educa\u00e7\u00e3o das Institui\u00e7\u00f5es Federais de Ensino Superior do Estado de Goi\u00e1s (SINT-IFESgo) e do Sindicato dos Docentes das Universidades Federais de Goi\u00e1s (Adufg Sindicato) e da Federa\u00e7\u00e3o de Sindicatos de Trabalhadores T\u00e9cnico-administrativos em Institui\u00e7\u00f5es de Ensino Superior P\u00fablicas do Brasil (Fasubra Sindical).<\/p>\n<p>No encontro, foi decidida a forma\u00e7\u00e3o de uma comiss\u00e3o, formada pelo MCT, pelo F\u00f3rum de Goi\u00e1s, por Fl\u00e1via Morais e pelo deputado estadual Karlos Cabral, para que, juntos, trabalhem pela realiza\u00e7\u00e3o de uma audi\u00eancia p\u00fablica na Assembleia Legislativa de Goi\u00e1s. O objetivo \u00e9 apresentar uma alternativa \u00e0 atual Reforma da Previd\u00eancia com os pontos propostos pela articula\u00e7\u00e3o entre sindicatos, movimentos sociais, academia e outros setores.<\/p>\n<p>A comiss\u00e3o tamb\u00e9m pretende realizar uma reuni\u00e3o com as Mulheres do F\u00f3rum Goiano contra as reformas da Previd\u00eancia e Trabalhista para iniciativas quanto \u00e0s pol\u00edticas p\u00fablicas para as mulheres, com \u00eanfase no quesito da viol\u00eancia e outras pautas de consenso.<\/p>\n<!-- AddThis Advanced Settings generic via filter on the_content --><!-- AddThis Share Buttons generic via filter on the_content -->","protected":false},"excerpt":{"rendered":"<p>A deputada federal Fl\u00e1via Morais (PDT-GO) declarou seu total comprometimento com a posi\u00e7\u00e3o do PDT contra a proposta de reforma da Previd\u00eancia apresentada pela Presid\u00eancia. A afirma\u00e7\u00e3o da parlamentar foi feita durante reuni\u00e3o do F\u00f3rum Goiano, promovida pelo Movimento Comunit\u00e1rio Trabalhista do PDT, realizada no dia 19, na sede do partido, em Bras\u00edlia. Al\u00e9m de&#8230;<!-- AddThis Advanced Settings generic via filter on wp_trim_excerpt --><!-- AddThis Share Buttons generic via filter on wp_trim_excerpt --><\/p>\n","protected":false},"author":17,"featured_media":63490,"comment_status":"closed","ping_status":"closed","sticky":false,"template":"","format":"standard","meta":{"_monsterinsights_skip_tracking":false,"_monsterinsights_sitenote_active":false,"_monsterinsights_sitenote_note":"","_monsterinsights_sitenote_category":0,"_uf_show_specific_survey":0,"_uf_disable_surveys":false,"footnotes":""},"categories":[1390,2605,1401],"tags":[],"class_list":["post-63489","post","type-post","status-publish","format-standard","has-post-thumbnail","hentry","category-editorias","category-movimento-comunitario-trabalhista","category-nacional"],"acf":[],"_links":{"self":[{"href":"https:\/\/pdt-rj.org.br\/index.php\/wp-json\/wp\/v2\/posts\/63489","targetHints":{"allow":["GET"]}}],"collection":[{"href":"https:\/\/pdt-rj.org.br\/index.php\/wp-json\/wp\/v2\/posts"}],"about":[{"href":"https:\/\/pdt-rj.org.br\/index.php\/wp-json\/wp\/v2\/types\/post"}],"author":[{"embeddable":true,"href":"https:\/\/pdt-rj.org.br\/index.php\/wp-json\/wp\/v2\/users\/17"}],"replies":[{"embeddable":true,"href":"https:\/\/pdt-rj.org.br\/index.php\/wp-json\/wp\/v2\/comments?post=63489"}],"version-history":[{"count":6,"href":"https:\/\/pdt-rj.org.br\/index.php\/wp-json\/wp\/v2\/posts\/63489\/revisions"}],"predecessor-version":[{"id":63498,"href":"https:\/\/pdt-rj.org.br\/index.php\/wp-json\/wp\/v2\/posts\/63489\/revisions\/63498"}],"wp:featuredmedia":[{"embeddable":true,"href":"https:\/\/pdt-rj.org.br\/index.php\/wp-json\/wp\/v2\/media\/63490"}],"wp:attachment":[{"href":"https:\/\/pdt-rj.org.br\/index.php\/wp-json\/wp\/v2\/media?parent=63489"}],"wp:term":[{"taxonomy":"category","embeddable":true,"href":"https:\/\/pdt-rj.org.br\/index.php\/wp-json\/wp\/v2\/categories?post=63489"},{"taxonomy":"post_tag","embeddable":true,"href":"https:\/\/pdt-rj.org.br\/index.php\/wp-json\/wp\/v2\/tags?post=63489"}],"curies":[{"name":"wp","href":"https:\/\/api.w.org\/{rel}","templated":true}]}}