{"id":63479,"date":"2019-03-27T17:02:34","date_gmt":"2019-03-27T20:02:34","guid":{"rendered":"http:\/\/pdt-rj.org.br\/?p=63479"},"modified":"2019-04-16T14:28:16","modified_gmt":"2019-04-16T17:28:16","slug":"em-entrevista-alceu-collares-homenageia-o-centenario-de-joao-goulart","status":"publish","type":"post","link":"https:\/\/pdt-rj.org.br\/index.php\/em-entrevista-alceu-collares-homenageia-o-centenario-de-joao-goulart\/","title":{"rendered":"Alceu Collares: Jango sentia o que os pobres sentiam"},"content":{"rendered":"<p>\u201cJango sentia o que os pobres sentiam. Ele era um grande propriet\u00e1rio de terras, mas n\u00e3o hesitou em decretar a reforma agr\u00e1ria, porque era socialmente sens\u00edvel; at\u00e9 mais sens\u00edvel do que Brizola\u201d, garantiu o ex-governador e ex-deputado Alceu de Deus Collares \u2013 professor ga\u00facho, que se transferiu de Bag\u00e9 para Porto Alegre \u201cpara melhorar de vida\u201d, e se formou advogado pela Universidade Federal do Rio Grande do Sul. <\/p>\n<p>Collares define-se como admirador do Trabalhismo e fiel seguidor das lideran\u00e7as de Get\u00falio Vargas, Jo\u00e3o Goulart e de Brizola, a quem s\u00f3 veio a conhecer pessoalmente, j\u00e1 no ex\u00edlio do Uruguai. <\/p>\n<p>Isto, por\u00e9m, n\u00e3o o impediu de frequentar assiduamente o galp\u00e3o, no Centro de Porto Alegre, onde comparecia, sempre que podia, \u201csentando l\u00e1 no fundo, apenas absorvendo as palestras\u201d, nas reuni\u00f5es promovidas por Jango e Brizola para simpatizantes da linha pol\u00edtica do velho Partido Trabalhista Brasileiro (PTB), que, junto com Vargas, lideravam no Rio Grande do Sul.<\/p>\n<p>\u2013 \u201cLecionava na Associa\u00e7\u00e3o Crist\u00e3 dos Mo\u00e7os e, vez por outra, ia at\u00e9 a pra\u00e7a, onde tinha o enorme barrac\u00e3o em que Brizola fazia palestras: ouvia e ia embora. Gostava das ideias; apoiava os ideais de Jango, Brizola, Pasqualini e Vargas\u201d.<\/p>\n<p> Segundo Collares, \u201cpara entender o Trabalhismo, tem que se ler Pasqualini; porque o mais profundo no pensamento trabalhista \u00e9 Pasqualini\u201d, embora Jango, em sua opini\u00e3o, foi o que mais avan\u00e7ou ideologicamente. <\/p>\n<p>\u201cJango levou o povo a aprofundar o seu pensamento pol\u00edtico, pregando as reformas de base. Na Presid\u00eancia, ele fez o que dizia na sua prega\u00e7\u00e3o, mexendo com a direita. Quem mais confrontou e enfrentou a direita no Brasil foi o Trabalhismo\u201d, afirmou. <\/p>\n<p>Na campanha da Legalidade, em 1961, aluno rec\u00e9m-formado pela faculdade de direito, assistiu \u00e0s prega\u00e7\u00f5es de Brizola pelo r\u00e1dio, a partir do Pal\u00e1cio Piratini; viu o povo se alistando para a luta na Borges de Medeiros e jamais imaginou que, um dia, pudesse entrar no Piratini pela porta da frente como governador.<\/p>\n<p>Collares admirou e admira Jango, porque ele \u2013 grande propriet\u00e1rio de terras \u2013 aceitou ideologicamente a reforma agr\u00e1ria e, Presidente da Rep\u00fablica, decretou-a para que se realizasse ao longo das estradas. \u201cJango tinha paix\u00e3o pelas camadas pobres: ele sentia o que o pobre sentia\u201d, destacou. Em sua opini\u00e3o, a sensibilidade de Jango vinha da luta de Get\u00falio, de quem era amigo e seguidor e, por isto, ministro de Get\u00falio, aumentou o sal\u00e1rio m\u00ednimo em 100%, desencadeando a ira da direita.<\/p>\n<p>\u201cJango, como Brizola e Pasqualini, tinha profundidade social, tinha lado: o dos trabalhadores, o de Get\u00falio e o do PTB. Por isto ficou marcado\u201d.<\/p>\n<p>Confira a entrevista completa abaixo:<\/p>\n<figure class=\"wp-block-embed-youtube wp-block-embed is-type-video is-provider-youtube wp-embed-aspect-16-9 wp-has-aspect-ratio\">\n<div class=\"wp-block-embed__wrapper\">\n<iframe loading=\"lazy\" title=\"ALCEU COLLARES: JANGO SENTIA O QUE OS POBRES SENTIAM\" width=\"640\" height=\"360\" src=\"https:\/\/www.youtube.com\/embed\/lw3wJ05wQn8?feature=oembed\" frameborder=\"0\" allow=\"accelerometer; autoplay; clipboard-write; encrypted-media; gyroscope; picture-in-picture; web-share\" referrerpolicy=\"strict-origin-when-cross-origin\" allowfullscreen><\/iframe>\n<\/div>\n<\/figure>\n<!-- AddThis Advanced Settings generic via filter on the_content --><!-- AddThis Share Buttons generic via filter on the_content -->","protected":false},"excerpt":{"rendered":"<p>\u201cJango sentia o que os pobres sentiam. Ele era um grande propriet\u00e1rio de terras, mas n\u00e3o hesitou em decretar a reforma agr\u00e1ria, porque era socialmente sens\u00edvel; at\u00e9 mais sens\u00edvel do que Brizola\u201d, garantiu o ex-governador e ex-deputado Alceu de Deus Collares \u2013 professor ga\u00facho, que se transferiu de Bag\u00e9 para Porto Alegre \u201cpara melhorar de&#8230;<!-- AddThis Advanced Settings generic via filter on wp_trim_excerpt --><!-- AddThis Share Buttons generic via filter on wp_trim_excerpt --><\/p>\n","protected":false},"author":17,"featured_media":63485,"comment_status":"closed","ping_status":"closed","sticky":false,"template":"","format":"standard","meta":{"_monsterinsights_skip_tracking":false,"_monsterinsights_sitenote_active":false,"_monsterinsights_sitenote_note":"","_monsterinsights_sitenote_category":0,"_uf_show_specific_survey":0,"_uf_disable_surveys":false,"footnotes":""},"categories":[1390,3230],"tags":[],"class_list":["post-63479","post","type-post","status-publish","format-standard","has-post-thumbnail","hentry","category-editorias","category-centenario-de-jango"],"acf":[],"_links":{"self":[{"href":"https:\/\/pdt-rj.org.br\/index.php\/wp-json\/wp\/v2\/posts\/63479","targetHints":{"allow":["GET"]}}],"collection":[{"href":"https:\/\/pdt-rj.org.br\/index.php\/wp-json\/wp\/v2\/posts"}],"about":[{"href":"https:\/\/pdt-rj.org.br\/index.php\/wp-json\/wp\/v2\/types\/post"}],"author":[{"embeddable":true,"href":"https:\/\/pdt-rj.org.br\/index.php\/wp-json\/wp\/v2\/users\/17"}],"replies":[{"embeddable":true,"href":"https:\/\/pdt-rj.org.br\/index.php\/wp-json\/wp\/v2\/comments?post=63479"}],"version-history":[{"count":16,"href":"https:\/\/pdt-rj.org.br\/index.php\/wp-json\/wp\/v2\/posts\/63479\/revisions"}],"predecessor-version":[{"id":63997,"href":"https:\/\/pdt-rj.org.br\/index.php\/wp-json\/wp\/v2\/posts\/63479\/revisions\/63997"}],"wp:featuredmedia":[{"embeddable":true,"href":"https:\/\/pdt-rj.org.br\/index.php\/wp-json\/wp\/v2\/media\/63485"}],"wp:attachment":[{"href":"https:\/\/pdt-rj.org.br\/index.php\/wp-json\/wp\/v2\/media?parent=63479"}],"wp:term":[{"taxonomy":"category","embeddable":true,"href":"https:\/\/pdt-rj.org.br\/index.php\/wp-json\/wp\/v2\/categories?post=63479"},{"taxonomy":"post_tag","embeddable":true,"href":"https:\/\/pdt-rj.org.br\/index.php\/wp-json\/wp\/v2\/tags?post=63479"}],"curies":[{"name":"wp","href":"https:\/\/api.w.org\/{rel}","templated":true}]}}