{"id":63461,"date":"2019-03-22T16:24:14","date_gmt":"2019-03-22T19:24:14","guid":{"rendered":"http:\/\/pdt-rj.org.br\/?p=63461"},"modified":"2019-03-27T15:27:44","modified_gmt":"2019-03-27T18:27:44","slug":"js-e-movimento-reinventar-apresentam-o-pdt-a-alunos-da-universidade-de-brasilia","status":"publish","type":"post","link":"https:\/\/pdt-rj.org.br\/index.php\/js-e-movimento-reinventar-apresentam-o-pdt-a-alunos-da-universidade-de-brasilia\/","title":{"rendered":"JS e Movimento Reinventar apresentam o PDT para alunos da Universidade de Bras\u00edlia"},"content":{"rendered":"<p> Os alunos da Universidade de Bras\u00edlia (UnB) tiveram a oportunidade de conhecer os ideias do PDT, em um debate sobre a  reforma da Previd\u00eancia, coordenado pela Juventude Socialista (JS) e pelo Movimento Reinventar. O evento aconteceu na \u00faltima quinta-feira (21), durante a Jornada Darcy  \u2013  uma s\u00e9rie de atividades promovidas pelo N\u00facleo de Base Darcy Ribeiro no in\u00edcio do semestre letivo.<\/p>\n<p>A mesa foi composta pelo presidente nacional da Juventude Socialista, William Rodrigues, do deputado federal T\u00falio Gadelha (PDT-PE), do presidente nacional do Movimento Cultural Darcy Ribeiro, Roberto Vianna Jr., do Secret\u00e1rio de Juventude do Governo do Distrito Federal, L\u00e9o Bijos, e da presidenta da Juventude Socialista do DF, Gabriela Malesuik.<\/p>\n<p>O debate tamb\u00e9m teve como convidados o presidente da Frente Favela Brasil, Derson Maia, e o deputado distrital F\u00e1bio Felix (PSOL). O debate foi transmitido ao vivo e est\u00e1 na p\u00e1gina do N\u00facleo Darcy Ribeiro &#8211; UnB, no Facebook.<\/p>\n<p>\u201cDarcy Ribeiro  \u2013  quadro hist\u00f3rico do nosso partido  \u2013  edificou a Universidade de Bras\u00edlia para ser fonte de conhecimento e solu\u00e7\u00f5es que ajude o Brasil e seu povo na constru\u00e7\u00e3o do seu destino soberano. Num momento em os inimigos do povo destroem nossa soberania e nosso futuro, lan\u00e7ar o Movimento Reinventar e Juventude do PDT aqui \u00e9 um grito de esperan\u00e7a e energiza a nossa luta\u201d, afirmou o secret\u00e1rio-geral da JS-DF do Distrito Federal, Jo\u00e3o Cyrilo.<\/p>\n<p>Para William Rodrigues, a\u00e7\u00f5es como essas devem se multiplicar por todo o Brasil. <\/p>\n<p>Debater a Universidade e o Brasil, apresentando o nosso movimento \u00e9 fundamental. Sair da sala de aula, das paredes do Partido. Ocupar cada palmo de ch\u00e3o, conquistando cora\u00e7\u00f5es, mentes e territ\u00f3rios&#8221;.<\/p>\n<!-- AddThis Advanced Settings generic via filter on the_content --><!-- AddThis Share Buttons generic via filter on the_content -->","protected":false},"excerpt":{"rendered":"<p>Os alunos da Universidade de Bras\u00edlia (UnB) tiveram a oportunidade de conhecer os ideias do PDT, em um debate sobre a reforma da Previd\u00eancia, coordenado pela Juventude Socialista (JS) e pelo Movimento Reinventar. O evento aconteceu na \u00faltima quinta-feira (21), durante a Jornada Darcy \u2013 uma s\u00e9rie de atividades promovidas pelo N\u00facleo de Base Darcy&#8230;<!-- AddThis Advanced Settings generic via filter on wp_trim_excerpt --><!-- AddThis Share Buttons generic via filter on wp_trim_excerpt --><\/p>\n","protected":false},"author":17,"featured_media":63476,"comment_status":"closed","ping_status":"closed","sticky":false,"template":"","format":"standard","meta":{"_monsterinsights_skip_tracking":false,"_monsterinsights_sitenote_active":false,"_monsterinsights_sitenote_note":"","_monsterinsights_sitenote_category":0,"_uf_show_specific_survey":0,"_uf_disable_surveys":false,"footnotes":""},"categories":[1390],"tags":[],"class_list":["post-63461","post","type-post","status-publish","format-standard","has-post-thumbnail","hentry","category-editorias"],"acf":[],"_links":{"self":[{"href":"https:\/\/pdt-rj.org.br\/index.php\/wp-json\/wp\/v2\/posts\/63461","targetHints":{"allow":["GET"]}}],"collection":[{"href":"https:\/\/pdt-rj.org.br\/index.php\/wp-json\/wp\/v2\/posts"}],"about":[{"href":"https:\/\/pdt-rj.org.br\/index.php\/wp-json\/wp\/v2\/types\/post"}],"author":[{"embeddable":true,"href":"https:\/\/pdt-rj.org.br\/index.php\/wp-json\/wp\/v2\/users\/17"}],"replies":[{"embeddable":true,"href":"https:\/\/pdt-rj.org.br\/index.php\/wp-json\/wp\/v2\/comments?post=63461"}],"version-history":[{"count":7,"href":"https:\/\/pdt-rj.org.br\/index.php\/wp-json\/wp\/v2\/posts\/63461\/revisions"}],"predecessor-version":[{"id":63484,"href":"https:\/\/pdt-rj.org.br\/index.php\/wp-json\/wp\/v2\/posts\/63461\/revisions\/63484"}],"wp:featuredmedia":[{"embeddable":true,"href":"https:\/\/pdt-rj.org.br\/index.php\/wp-json\/wp\/v2\/media\/63476"}],"wp:attachment":[{"href":"https:\/\/pdt-rj.org.br\/index.php\/wp-json\/wp\/v2\/media?parent=63461"}],"wp:term":[{"taxonomy":"category","embeddable":true,"href":"https:\/\/pdt-rj.org.br\/index.php\/wp-json\/wp\/v2\/categories?post=63461"},{"taxonomy":"post_tag","embeddable":true,"href":"https:\/\/pdt-rj.org.br\/index.php\/wp-json\/wp\/v2\/tags?post=63461"}],"curies":[{"name":"wp","href":"https:\/\/api.w.org\/{rel}","templated":true}]}}