{"id":63389,"date":"2019-03-22T00:50:45","date_gmt":"2019-03-22T03:50:45","guid":{"rendered":"http:\/\/pdt-rj.org.br\/?p=63389"},"modified":"2019-03-22T00:52:36","modified_gmt":"2019-03-22T03:52:36","slug":"camara-dos-deputados-homenageia-centenario-de-ex-presidente-joao-goulart","status":"publish","type":"post","link":"https:\/\/pdt-rj.org.br\/index.php\/camara-dos-deputados-homenageia-centenario-de-ex-presidente-joao-goulart\/","title":{"rendered":"C\u00e2mara dos Deputados homenageia centen\u00e1rio do ex-presidente Jo\u00e3o Goulart"},"content":{"rendered":"<p>A C\u00e2mara dos Deputados realizou sess\u00e3o solene, nesta quarta-feira (20,) para homenagear os 100 anos do ex-presidente Jo\u00e3o Belchior Marques Goulart, o Jango, deposto por um golpe civil-militar em abril de 1964.<\/p>\n<p>O deputado Pompeo de Mattos (PDT-RS), um dos autores do requerimento para a realiza\u00e7\u00e3o da solenidade, salientou a trajet\u00f3ria pol\u00edtica de Jango, al\u00e9m de relembrar a luta pela democracia, a busca por reformas e independ\u00eancia do pol\u00edtico nas rela\u00e7\u00f5es exteriores. <\/p>\n<p>\u201cComo presidente, as rela\u00e7\u00f5es internacionais se deram de forma altaneira e pujante. Jamais Jango se ajoelhou para os pa\u00edses estrangeiros\u201d. Ele acrescentou que o legado de Jo\u00e3o Goulart influencia o pensamento da esquerda at\u00e9 hoje. Pompeo informou que pretende atribuir a Jo\u00e3o Goulart o t\u00edtulo de \u201cHer\u00f3i da P\u00e1tria\u201d. <\/p>\n<p>O parlamentar mencionou projeto de sua autoria (PL 1906\/15) que atualmente aguarda designa\u00e7\u00e3o de relator na Comiss\u00e3o de Constitui\u00e7\u00e3o e Justi\u00e7a e de Cidadania para a inclus\u00e3o de Jango no Livro dos Her\u00f3is da P\u00e1tria.<\/p>\n<p>Em 1955, Jango foi eleito vice-presidente do Brasil.  Na elei\u00e7\u00e3o seguinte, em 1960, foi novamente eleito vice-presidente, concorrendo pela chapa de oposi\u00e7\u00e3o ao candidato J\u00e2nio Quadros, o vassourinha, que prometia varrer a corrup\u00e7\u00e3o do governo. Jango ficou no cargo por apenas um ano, quando assumiu o posto de presidente ap\u00f3s a ren\u00fancia de J\u00e2nio Quadros.  <\/p>\n<p>Entre outras mudan\u00e7as, Jo\u00e3o Goulart tentou implementar uma reforma agr\u00e1ria no pa\u00eds. A oposi\u00e7\u00e3o classificou tanto a reforma quanto o presidente como comunistas, e exigiu um novo regime. Enfraquecido politicamente, Jango foi deposto em 1964, com o Golpe Militar.<\/p>\n<p>Neto de Jango, Cristhopher Goulart (suplente de senador pelo PDT do Rio Grande do Sul) reconheceu a relev\u00e2ncia do resgaste da mem\u00f3ria de seu av\u00f4: \u201cNesses 100 anos, o que n\u00f3s temos aqui \u00e9 a capacidade de reflex\u00e3o e justamente reavaliarmos as nossas posi\u00e7\u00f5es e apontarmos para os ensinamentos do presidente Jo\u00e3o Goulart, que s\u00e3o as reformas de base, estas sim um indicativo de futuro, de liberta\u00e7\u00e3o desse Pa\u00eds\u201d, declarou.<\/p>\n<p>Jango tamb\u00e9m foi ministro do Trabalho no governo de Get\u00falio Vargas, e ficou conhecido pelos ajustes que fez no sal\u00e1rio m\u00ednimo, como destaca o deputado Pompeo de Mattos. \u201cEle tornou o sal\u00e1rio m\u00ednimo um sal\u00e1rio decente. Um sal\u00e1rio onde o cidad\u00e3o tinha dignidade, podia viver com o sal\u00e1rio, pagar a sua habita\u00e7\u00e3o, ter a comida, o estudo dos filhos, a luz, a \u00e1gua. Enfim, naquela \u00e9poca foi algo inusitado, um aumento de 100% do sal\u00e1rio m\u00ednimo como o Jango fez como ministro do Trabalho do presidente Get\u00falio Vargas.\u201d<\/p>\n<p>Afonso Motta lembrou do per\u00edodo em que Jango  viveu no ex\u00edlio, na solid\u00e3o, mas com uma miss\u00e3o maior pelo trabalhismo. \u201d As dificuldades foram muitas, mas na solid\u00e3o ele lutou por um bem maior,  levou ele a lutar pelo povo, pelos trabalhadores, pelos mais oprimidos, porque essa era sua  miss\u00e3o. Estamos aqui para homenagear Jango, sua hist\u00f3ria e seu legado\u201d<\/p>\n<p>O pedetista lembrou, ainda, das Reformas de Base propostas por Jango, que n\u00e3o foram implementadas na \u00e9poca, mas moldaram o Estado brasileiro depois da redemocratiza\u00e7\u00e3o, porque inspiraram a Constitui\u00e7\u00e3o de 1988. Jango faleceu em 6 de dezembro de 1976, na Argentina, sem retornar ao Brasil.<\/p>\n<!-- AddThis Advanced Settings generic via filter on the_content --><!-- AddThis Share Buttons generic via filter on the_content -->","protected":false},"excerpt":{"rendered":"<p>A C\u00e2mara dos Deputados realizou sess\u00e3o solene, nesta quarta-feira (20,) para homenagear os 100 anos do ex-presidente Jo\u00e3o Belchior Marques Goulart, o Jango, deposto por um golpe civil-militar em abril de 1964. O deputado Pompeo de Mattos (PDT-RS), um dos autores do requerimento para a realiza\u00e7\u00e3o da solenidade, salientou a trajet\u00f3ria pol\u00edtica de Jango, al\u00e9m&#8230;<!-- AddThis Advanced Settings generic via filter on wp_trim_excerpt --><!-- AddThis Share Buttons generic via filter on wp_trim_excerpt --><\/p>\n","protected":false},"author":17,"featured_media":63390,"comment_status":"closed","ping_status":"closed","sticky":false,"template":"","format":"standard","meta":{"_monsterinsights_skip_tracking":false,"_monsterinsights_sitenote_active":false,"_monsterinsights_sitenote_note":"","_monsterinsights_sitenote_category":0,"_uf_show_specific_survey":0,"_uf_disable_surveys":false,"footnotes":""},"categories":[3230,976],"tags":[],"class_list":["post-63389","post","type-post","status-publish","format-standard","has-post-thumbnail","hentry","category-centenario-de-jango","category-noticias-em-destaque"],"acf":[],"_links":{"self":[{"href":"https:\/\/pdt-rj.org.br\/index.php\/wp-json\/wp\/v2\/posts\/63389","targetHints":{"allow":["GET"]}}],"collection":[{"href":"https:\/\/pdt-rj.org.br\/index.php\/wp-json\/wp\/v2\/posts"}],"about":[{"href":"https:\/\/pdt-rj.org.br\/index.php\/wp-json\/wp\/v2\/types\/post"}],"author":[{"embeddable":true,"href":"https:\/\/pdt-rj.org.br\/index.php\/wp-json\/wp\/v2\/users\/17"}],"replies":[{"embeddable":true,"href":"https:\/\/pdt-rj.org.br\/index.php\/wp-json\/wp\/v2\/comments?post=63389"}],"version-history":[{"count":5,"href":"https:\/\/pdt-rj.org.br\/index.php\/wp-json\/wp\/v2\/posts\/63389\/revisions"}],"predecessor-version":[{"id":63395,"href":"https:\/\/pdt-rj.org.br\/index.php\/wp-json\/wp\/v2\/posts\/63389\/revisions\/63395"}],"wp:featuredmedia":[{"embeddable":true,"href":"https:\/\/pdt-rj.org.br\/index.php\/wp-json\/wp\/v2\/media\/63390"}],"wp:attachment":[{"href":"https:\/\/pdt-rj.org.br\/index.php\/wp-json\/wp\/v2\/media?parent=63389"}],"wp:term":[{"taxonomy":"category","embeddable":true,"href":"https:\/\/pdt-rj.org.br\/index.php\/wp-json\/wp\/v2\/categories?post=63389"},{"taxonomy":"post_tag","embeddable":true,"href":"https:\/\/pdt-rj.org.br\/index.php\/wp-json\/wp\/v2\/tags?post=63389"}],"curies":[{"name":"wp","href":"https:\/\/api.w.org\/{rel}","templated":true}]}}