{"id":63385,"date":"2019-03-14T17:59:17","date_gmt":"2019-03-14T20:59:17","guid":{"rendered":"http:\/\/pdt-rj.org.br\/?p=63385"},"modified":"2019-03-21T18:05:34","modified_gmt":"2019-03-21T21:05:34","slug":"coordenada-por-silvia-cristina-frente-parlamentar-atuara-na-luta-contra-o-cancer","status":"publish","type":"post","link":"https:\/\/pdt-rj.org.br\/index.php\/coordenada-por-silvia-cristina-frente-parlamentar-atuara-na-luta-contra-o-cancer\/","title":{"rendered":"Coordenada por Silvia Cristina, Frente Parlamentar atuar\u00e1 na luta contra o c\u00e2ncer"},"content":{"rendered":"<p>Dados do Instituto Nacional do C\u00e2ncer mostram que 600 mil novos casos da doen\u00e7a s\u00e3o registrados a cada ano no Brasil. A expectativa \u00e9 de que at\u00e9 2030 o c\u00e2ncer  supere as doen\u00e7as cardiovasculares como primeira causa de morte da popula\u00e7\u00e3o. Para tentar enfrentar as v\u00e1rias dificuldades de diagn\u00f3stico e tratamento, C\u00e2mara e Senado criaram nesta quarta-feira (13) a Frente Parlamentar em Prol da Luta contra o C\u00e2ncer.<\/p>\n<p>Segundo a coordenadora do grupo, deputada Silvia Cristina (PDT-RO), uma das prioridades da frente \u00e9 incentivar a pesquisa de novos tratamentos e medicamentos. A parlamentar, que teve c\u00e2ncer de mama em 2006,  se preocupa tamb\u00e9m com as dificuldades de acesso que a popula\u00e7\u00e3o como as do seu estado, Rond\u00f4nia, e da regi\u00e3o amaz\u00f4nica em geral, enfrentam.<\/p>\n<p>\u201cN\u00f3s ainda temos dificuldade de acesso \u00e0 radioterapia, as filas ainda s\u00e3o grandes, j\u00e1 tivemos muitas dificuldades de leitos, mas especialmente na Regi\u00e3o Norte, a qual eu represento, n\u00f3s temos ainda muitas dificuldades com rela\u00e7\u00e3o a diagn\u00f3stico e preven\u00e7\u00e3o. Esses exames n\u00e3o chegam na rapidez que deveriam chegar para que a pessoa descubra o c\u00e2ncer em est\u00e1gio inicial para come\u00e7ar  um tratamento\u201d, disse.<\/p>\n<p>O lan\u00e7amento da Frente Parlamentar contou com a presen\u00e7a de v\u00e1rias entidades da sociedade civil que combatem o c\u00e2ncer. Joana Jeker, da Associa\u00e7\u00e3o de Mulheres Mastectomizadas de Bras\u00edlia, levou um grupo de v\u00edtimas de c\u00e2ncer de mama para chamar a aten\u00e7\u00e3o para o projeto de lei (PLC 143\/2018) que determina o prazo m\u00e1ximo de 30 dias para que a suspeita de c\u00e2ncer seja confirmada por bi\u00f3psia no Sistema \u00danico de Sa\u00fade (SUS). A proposta j\u00e1 passou pela C\u00e2mara e est\u00e1 sendo analisada pelo Senado.<\/p>\n<p>Outra prioridade da frente parlamentar mista \u00e9 a redistribui\u00e7\u00e3o or\u00e7ament\u00e1ria, para evitar que entidades de tratamento e apoio aos doentes de c\u00e2ncer vivam com as contas no vermelho. Para o oncologista S\u00e9rgio Petrilli, diretor superintendente do Grupo de Apoio ao Adolescente e \u00e0 Crian\u00e7a com C\u00e2ncer (Graacc), que mant\u00e9m um hospital em S\u00e3o Paulo, o apoio de deputados e senadores \u00e9 essencial.<\/p>\n<p>\u201cCerca de 90% dos nossos pacientes do Graacc s\u00e3o do SUS. Isso faz com que a nossa receita seja abaixo da metade do que a gente gasta. Ent\u00e3o \u00e9 fundamental que a gente consiga outros recursos, na linha de emendas parlamentares, na linha de ren\u00fancia fiscal, na linha de deixar com que a gente, sendo entidade filantr\u00f3pica, possa conseguir dinheiro dentro da sociedade civil\u201d, disse.<\/p>\n<p>Durante o lan\u00e7amento da frente parlamentar, a deputada Silvia Cristina tamb\u00e9m prop\u00f4s a cria\u00e7\u00e3o de uma comiss\u00e3o permanente da C\u00e2mara para tratar exclusivamente dos assuntos da sa\u00fade, que hoje est\u00e3o na esfera da Comiss\u00e3o de Seguridade Social e Fam\u00edlia.<\/p>\n<!-- AddThis Advanced Settings generic via filter on the_content --><!-- AddThis Share Buttons generic via filter on the_content -->","protected":false},"excerpt":{"rendered":"<p>Dados do Instituto Nacional do C\u00e2ncer mostram que 600 mil novos casos da doen\u00e7a s\u00e3o registrados a cada ano no Brasil. A expectativa \u00e9 de que at\u00e9 2030 o c\u00e2ncer supere as doen\u00e7as cardiovasculares como primeira causa de morte da popula\u00e7\u00e3o. Para tentar enfrentar as v\u00e1rias dificuldades de diagn\u00f3stico e tratamento, C\u00e2mara e Senado criaram&#8230;<!-- AddThis Advanced Settings generic via filter on wp_trim_excerpt --><!-- AddThis Share Buttons generic via filter on wp_trim_excerpt --><\/p>\n","protected":false},"author":17,"featured_media":63386,"comment_status":"closed","ping_status":"closed","sticky":false,"template":"","format":"standard","meta":{"_monsterinsights_skip_tracking":false,"_monsterinsights_sitenote_active":false,"_monsterinsights_sitenote_note":"","_monsterinsights_sitenote_category":0,"_uf_show_specific_survey":0,"_uf_disable_surveys":false,"footnotes":""},"categories":[1390,1459],"tags":[3232,2541,3231],"class_list":["post-63385","post","type-post","status-publish","format-standard","has-post-thumbnail","hentry","category-editorias","category-congresso","tag-incentivo-a-pesquisa","tag-luta-contra-o-cancer","tag-silvia-cristina-chagas"],"acf":[],"_links":{"self":[{"href":"https:\/\/pdt-rj.org.br\/index.php\/wp-json\/wp\/v2\/posts\/63385","targetHints":{"allow":["GET"]}}],"collection":[{"href":"https:\/\/pdt-rj.org.br\/index.php\/wp-json\/wp\/v2\/posts"}],"about":[{"href":"https:\/\/pdt-rj.org.br\/index.php\/wp-json\/wp\/v2\/types\/post"}],"author":[{"embeddable":true,"href":"https:\/\/pdt-rj.org.br\/index.php\/wp-json\/wp\/v2\/users\/17"}],"replies":[{"embeddable":true,"href":"https:\/\/pdt-rj.org.br\/index.php\/wp-json\/wp\/v2\/comments?post=63385"}],"version-history":[{"count":2,"href":"https:\/\/pdt-rj.org.br\/index.php\/wp-json\/wp\/v2\/posts\/63385\/revisions"}],"predecessor-version":[{"id":63388,"href":"https:\/\/pdt-rj.org.br\/index.php\/wp-json\/wp\/v2\/posts\/63385\/revisions\/63388"}],"wp:featuredmedia":[{"embeddable":true,"href":"https:\/\/pdt-rj.org.br\/index.php\/wp-json\/wp\/v2\/media\/63386"}],"wp:attachment":[{"href":"https:\/\/pdt-rj.org.br\/index.php\/wp-json\/wp\/v2\/media?parent=63385"}],"wp:term":[{"taxonomy":"category","embeddable":true,"href":"https:\/\/pdt-rj.org.br\/index.php\/wp-json\/wp\/v2\/categories?post=63385"},{"taxonomy":"post_tag","embeddable":true,"href":"https:\/\/pdt-rj.org.br\/index.php\/wp-json\/wp\/v2\/tags?post=63385"}],"curies":[{"name":"wp","href":"https:\/\/api.w.org\/{rel}","templated":true}]}}