{"id":63349,"date":"2019-03-26T12:00:04","date_gmt":"2019-03-26T15:00:04","guid":{"rendered":"http:\/\/pdt-rj.org.br\/?p=63349"},"modified":"2019-03-26T12:35:45","modified_gmt":"2019-03-26T15:35:45","slug":"centro-de-memoria-trabalhista-cria-obras-em-homenagem-ao-centenario-de-joao-goulart","status":"publish","type":"post","link":"https:\/\/pdt-rj.org.br\/index.php\/centro-de-memoria-trabalhista-cria-obras-em-homenagem-ao-centenario-de-joao-goulart\/","title":{"rendered":"Centen\u00e1rio de Jo\u00e3o Goulart &#8211; Centro de Mem\u00f3ria Trabalhista produz obras que homenageiam o ex-presidente"},"content":{"rendered":"<p>O PDT e o Centro de Mem\u00f3ria Trabalhista da Funda\u00e7\u00e3o Leonel Brizola Alberto Pasqualini (FLB-AP) tem produzido uma s\u00e9rie de materiais em homenagem aos 100 anos do nascimento do ex-presidente Jo\u00e3o Goulart. Lan\u00e7adas desde 1\u00b0 de mar\u00e7o, as obras trazem fatos importantes da vida e da trajet\u00f3ria pol\u00edtica do l\u00edder trabalhista.<\/p>\n<p>O material \u00e9 composto por cartilhas e banners que retratam a luta do ex-presidente pelo desenvolvimento do Brasil, principalmente pelas t\u00e3o almejadas reformas de base, apresentadas no hist\u00f3rico Com\u00edcio da Central do Brasil, em 1964.<\/p>\n<p>Tamb\u00e9m est\u00e3o sendo lan\u00e7ados gradualmente, durante os pr\u00f3ximos meses, v\u00e1rios v\u00eddeos com depoimentos de amigos, familiares e lideran\u00e7as pol\u00edticas que conviveram e participaram de momentos marcantes ao lado de Jango.<\/p>\n<p>Dentre os depoimentos mais valiosos est\u00e1 o da ex-primeira dama, Maria Thereza Goulart que, al\u00e9m de definir o homem Jo\u00e3o Goulart, sob a sua perspectiva, tamb\u00e9m declara sentir falta de homens com a for\u00e7a e coragem de Jango. <\/p>\n<p>&#8220;Ele era uma pessoa profundamente equilibrada e muito bem intencionada, de muito car\u00e1ter e dignidade. Tinha um projeto social muito grandioso, no exerc\u00edcio da presid\u00eancia; e, por isto, foi derrubado. Ele pensava grande e tinha grandes projetos para o Brasil, porque era um brasileiro \u00e0 frente do seu tempo\u201d.<\/p>\n<p><a href=\"https:\/\/youtu.be\/HptmeQDj5zo\">Abaixo, confira o depoimento completo da ex-Primeira Dama, Maria Thereza Goulart.<\/a><\/p>\n<!-- AddThis Advanced Settings generic via filter on the_content --><!-- AddThis Share Buttons generic via filter on the_content -->","protected":false},"excerpt":{"rendered":"<p>O PDT e o Centro de Mem\u00f3ria Trabalhista da Funda\u00e7\u00e3o Leonel Brizola Alberto Pasqualini (FLB-AP) tem produzido uma s\u00e9rie de materiais em homenagem aos 100 anos do nascimento do ex-presidente Jo\u00e3o Goulart. Lan\u00e7adas desde 1\u00b0 de mar\u00e7o, as obras trazem fatos importantes da vida e da trajet\u00f3ria pol\u00edtica do l\u00edder trabalhista. O material \u00e9 composto&#8230;<!-- AddThis Advanced Settings generic via filter on wp_trim_excerpt --><!-- AddThis Share Buttons generic via filter on wp_trim_excerpt --><\/p>\n","protected":false},"author":17,"featured_media":63444,"comment_status":"closed","ping_status":"closed","sticky":false,"template":"","format":"standard","meta":{"_monsterinsights_skip_tracking":false,"_monsterinsights_sitenote_active":false,"_monsterinsights_sitenote_note":"","_monsterinsights_sitenote_category":0,"_uf_show_specific_survey":0,"_uf_disable_surveys":false,"footnotes":""},"categories":[1390,3230],"tags":[],"class_list":["post-63349","post","type-post","status-publish","format-standard","has-post-thumbnail","hentry","category-editorias","category-centenario-de-jango"],"acf":[],"_links":{"self":[{"href":"https:\/\/pdt-rj.org.br\/index.php\/wp-json\/wp\/v2\/posts\/63349","targetHints":{"allow":["GET"]}}],"collection":[{"href":"https:\/\/pdt-rj.org.br\/index.php\/wp-json\/wp\/v2\/posts"}],"about":[{"href":"https:\/\/pdt-rj.org.br\/index.php\/wp-json\/wp\/v2\/types\/post"}],"author":[{"embeddable":true,"href":"https:\/\/pdt-rj.org.br\/index.php\/wp-json\/wp\/v2\/users\/17"}],"replies":[{"embeddable":true,"href":"https:\/\/pdt-rj.org.br\/index.php\/wp-json\/wp\/v2\/comments?post=63349"}],"version-history":[{"count":12,"href":"https:\/\/pdt-rj.org.br\/index.php\/wp-json\/wp\/v2\/posts\/63349\/revisions"}],"predecessor-version":[{"id":63449,"href":"https:\/\/pdt-rj.org.br\/index.php\/wp-json\/wp\/v2\/posts\/63349\/revisions\/63449"}],"wp:featuredmedia":[{"embeddable":true,"href":"https:\/\/pdt-rj.org.br\/index.php\/wp-json\/wp\/v2\/media\/63444"}],"wp:attachment":[{"href":"https:\/\/pdt-rj.org.br\/index.php\/wp-json\/wp\/v2\/media?parent=63349"}],"wp:term":[{"taxonomy":"category","embeddable":true,"href":"https:\/\/pdt-rj.org.br\/index.php\/wp-json\/wp\/v2\/categories?post=63349"},{"taxonomy":"post_tag","embeddable":true,"href":"https:\/\/pdt-rj.org.br\/index.php\/wp-json\/wp\/v2\/tags?post=63349"}],"curies":[{"name":"wp","href":"https:\/\/api.w.org\/{rel}","templated":true}]}}